{"id":113467,"date":"2023-01-12T13:36:40","date_gmt":"2023-01-12T16:36:40","guid":{"rendered":"https:\/\/acs.org.br\/antigo\/?p=113467"},"modified":"2023-01-12T13:36:40","modified_gmt":"2023-01-12T16:36:40","slug":"economia-dolar-tem-leve-queda-antes-de-anuncio-de-medidas-economicas-por-haddad-e-inflacao-dos-eua","status":"publish","type":"post","link":"https:\/\/acs.org.br\/academy\/economia-dolar-tem-leve-queda-antes-de-anuncio-de-medidas-economicas-por-haddad-e-inflacao-dos-eua\/","title":{"rendered":"ECONOMIA: D\u00f3lar tem leve queda antes de an\u00fancio de medidas econ\u00f4micas por Haddad e infla\u00e7\u00e3o dos EUA"},"content":{"rendered":"<p>Fonte: Santaportal<\/p>\n<p>O d\u00f3lar ca\u00eda ligeiramente frente ao real nos primeiros neg\u00f3cios desta quinta-feira (12), com investidores trabalhando em modo de espera antes do an\u00fancio de medidas econ\u00f4micas pelo ministro da Fazenda, Fernando Haddad, e de dados de infla\u00e7\u00e3o dos Estados Unidos.<\/p>\n<p><a href=\"https:\/\/santaportal.com.br\/geral\/dolar-tem-leve-queda-antes-de-anuncio-de-medidas-economicas-por-haddad-e-inflacao-dos-eua\/\">LEIA MAIS&#8230;<\/a><\/p>\n","protected":false},"excerpt":{"rendered":"<p>Fonte: Santaportal O d\u00f3lar ca\u00eda ligeiramente frente ao real nos primeiros neg\u00f3cios desta quinta-feira (12), com investidores trabalhando em modo de espera antes do an\u00fancio de medidas econ\u00f4micas pelo ministro da Fazenda, Fernando Haddad, e de dados de infla\u00e7\u00e3o dos Estados Unidos. LEIA MAIS&#8230;<\/p>\n","protected":false},"author":66,"featured_media":0,"comment_status":"open","ping_status":"open","sticky":false,"template":"","format":"standard","meta":{"footnotes":""},"categories":[105],"tags":[],"_links":{"self":[{"href":"https:\/\/acs.org.br\/academy\/wp-json\/wp\/v2\/posts\/113467"}],"collection":[{"href":"https:\/\/acs.org.br\/academy\/wp-json\/wp\/v2\/posts"}],"about":[{"href":"https:\/\/acs.org.br\/academy\/wp-json\/wp\/v2\/types\/post"}],"author":[{"embeddable":true,"href":"https:\/\/acs.org.br\/academy\/wp-json\/wp\/v2\/users\/66"}],"replies":[{"embeddable":true,"href":"https:\/\/acs.org.br\/academy\/wp-json\/wp\/v2\/comments?post=113467"}],"version-history":[{"count":1,"href":"https:\/\/acs.org.br\/academy\/wp-json\/wp\/v2\/posts\/113467\/revisions"}],"predecessor-version":[{"id":113471,"href":"https:\/\/acs.org.br\/academy\/wp-json\/wp\/v2\/posts\/113467\/revisions\/113471"}],"wp:attachment":[{"href":"https:\/\/acs.org.br\/academy\/wp-json\/wp\/v2\/media?parent=113467"}],"wp:term":[{"taxonomy":"category","embeddable":true,"href":"https:\/\/acs.org.br\/academy\/wp-json\/wp\/v2\/categories?post=113467"},{"taxonomy":"post_tag","embeddable":true,"href":"https:\/\/acs.org.br\/academy\/wp-json\/wp\/v2\/tags?post=113467"}],"curies":[{"name":"wp","href":"https:\/\/api.w.org\/{rel}","templated":true}]}}