{"id":113466,"date":"2023-01-12T13:36:12","date_gmt":"2023-01-12T16:36:12","guid":{"rendered":"https:\/\/acs.org.br\/antigo\/?p=113466"},"modified":"2023-01-12T13:36:12","modified_gmt":"2023-01-12T16:36:12","slug":"porto-conselheiro-do-porto-de-santos-fabrizio-pierdomenico-sera-secretario-de-portos-do-governo","status":"publish","type":"post","link":"https:\/\/acs.org.br\/academy\/porto-conselheiro-do-porto-de-santos-fabrizio-pierdomenico-sera-secretario-de-portos-do-governo\/","title":{"rendered":"PORTO: Conselheiro do Porto de Santos, Fabrizio Pierdom\u00eanico ser\u00e1 secret\u00e1rio de Portos do governo"},"content":{"rendered":"<p>Fonte: Valor Globo\u00a0<\/p>\n<p>O ministro de Portos e Aeroportos, M\u00e1rcio Fran\u00e7a, indicou o presidente do Porto de Suape, Roberto Gusm\u00e3o, para a Secretaria-Executiva da Pasta. Tamb\u00e9m encaminhou a nomea\u00e7\u00e3o de Fabrizio Pierdom\u00eanico para a Secretaria de Portos.<\/p>\n<p><a href=\"https:\/\/valor.globo.com\/google\/amp\/brasil\/noticia\/2023\/01\/11\/conselheiro-do-porto-de-santos-fabrizio-pierdomnico-ser-secretrio-de-portos-do-governo.ghtml\">LEIA MAIS&#8230;<\/a><\/p>\n","protected":false},"excerpt":{"rendered":"<p>Fonte: Valor Globo\u00a0 O ministro de Portos e Aeroportos, M\u00e1rcio Fran\u00e7a, indicou o presidente do Porto de Suape, Roberto Gusm\u00e3o, para a Secretaria-Executiva da Pasta. Tamb\u00e9m encaminhou a nomea\u00e7\u00e3o de Fabrizio Pierdom\u00eanico para a Secretaria de Portos. LEIA MAIS&#8230;<\/p>\n","protected":false},"author":66,"featured_media":0,"comment_status":"open","ping_status":"open","sticky":false,"template":"","format":"standard","meta":{"footnotes":""},"categories":[105],"tags":[],"_links":{"self":[{"href":"https:\/\/acs.org.br\/academy\/wp-json\/wp\/v2\/posts\/113466"}],"collection":[{"href":"https:\/\/acs.org.br\/academy\/wp-json\/wp\/v2\/posts"}],"about":[{"href":"https:\/\/acs.org.br\/academy\/wp-json\/wp\/v2\/types\/post"}],"author":[{"embeddable":true,"href":"https:\/\/acs.org.br\/academy\/wp-json\/wp\/v2\/users\/66"}],"replies":[{"embeddable":true,"href":"https:\/\/acs.org.br\/academy\/wp-json\/wp\/v2\/comments?post=113466"}],"version-history":[{"count":1,"href":"https:\/\/acs.org.br\/academy\/wp-json\/wp\/v2\/posts\/113466\/revisions"}],"predecessor-version":[{"id":113470,"href":"https:\/\/acs.org.br\/academy\/wp-json\/wp\/v2\/posts\/113466\/revisions\/113470"}],"wp:attachment":[{"href":"https:\/\/acs.org.br\/academy\/wp-json\/wp\/v2\/media?parent=113466"}],"wp:term":[{"taxonomy":"category","embeddable":true,"href":"https:\/\/acs.org.br\/academy\/wp-json\/wp\/v2\/categories?post=113466"},{"taxonomy":"post_tag","embeddable":true,"href":"https:\/\/acs.org.br\/academy\/wp-json\/wp\/v2\/tags?post=113466"}],"curies":[{"name":"wp","href":"https:\/\/api.w.org\/{rel}","templated":true}]}}