{"id":113465,"date":"2023-01-12T13:35:45","date_gmt":"2023-01-12T16:35:45","guid":{"rendered":"https:\/\/acs.org.br\/antigo\/?p=113465"},"modified":"2023-01-12T13:35:45","modified_gmt":"2023-01-12T16:35:45","slug":"porto-lula-nao-descarta-desestatizacao-do-porto-de-santos-diz-tarcisio","status":"publish","type":"post","link":"https:\/\/acs.org.br\/academy\/porto-lula-nao-descarta-desestatizacao-do-porto-de-santos-diz-tarcisio\/","title":{"rendered":"PORTO: Lula n\u00e3o descarta desestatiza\u00e7\u00e3o do Porto de Santos, diz Tarc\u00edsio"},"content":{"rendered":"<p>Fonte: BE News\u00a0\u00a0\u00a0\u00a0\u00a0<\/p>\n<p>O governador de S\u00e3o Paulo, Tarc\u00edsio de Freitas (Republicanos), declarou que o Governo Federal abriu di\u00e1logo para a concess\u00e3o do Porto de Santos (SP). O assunto foi discutido durante reuni\u00e3o, em Bras\u00edlia, nesta quarta-feira (11), com o presidente Luiz In\u00e1cio Lula da Silva (PT).<\/p>\n<p>A privatiza\u00e7\u00e3o do cais santista foi um dos principais temas debatidos entre Lula e Tarc\u00edsio, no que foi o primeiro encontro oficial de ambos em 2023.<\/p>\n<p><a href=\"https:\/\/portalbenews.com.br\/editoria\/porto-de-santos\/lula-nao-descarta-desestatizacao-do-porto-de-santos-diz-tarcisio\/\">LEIA MAIS&#8230;<\/a><\/p>\n","protected":false},"excerpt":{"rendered":"<p>Fonte: BE News\u00a0\u00a0\u00a0\u00a0\u00a0 O governador de S\u00e3o Paulo, Tarc\u00edsio de Freitas (Republicanos), declarou que o Governo Federal abriu di\u00e1logo para a concess\u00e3o do Porto de Santos (SP). O assunto foi discutido durante reuni\u00e3o, em Bras\u00edlia, nesta quarta-feira (11), com o presidente Luiz In\u00e1cio Lula da Silva (PT). A privatiza\u00e7\u00e3o do cais santista foi um dos [&hellip;]<\/p>\n","protected":false},"author":66,"featured_media":0,"comment_status":"open","ping_status":"open","sticky":false,"template":"","format":"standard","meta":{"footnotes":""},"categories":[105],"tags":[],"_links":{"self":[{"href":"https:\/\/acs.org.br\/academy\/wp-json\/wp\/v2\/posts\/113465"}],"collection":[{"href":"https:\/\/acs.org.br\/academy\/wp-json\/wp\/v2\/posts"}],"about":[{"href":"https:\/\/acs.org.br\/academy\/wp-json\/wp\/v2\/types\/post"}],"author":[{"embeddable":true,"href":"https:\/\/acs.org.br\/academy\/wp-json\/wp\/v2\/users\/66"}],"replies":[{"embeddable":true,"href":"https:\/\/acs.org.br\/academy\/wp-json\/wp\/v2\/comments?post=113465"}],"version-history":[{"count":1,"href":"https:\/\/acs.org.br\/academy\/wp-json\/wp\/v2\/posts\/113465\/revisions"}],"predecessor-version":[{"id":113469,"href":"https:\/\/acs.org.br\/academy\/wp-json\/wp\/v2\/posts\/113465\/revisions\/113469"}],"wp:attachment":[{"href":"https:\/\/acs.org.br\/academy\/wp-json\/wp\/v2\/media?parent=113465"}],"wp:term":[{"taxonomy":"category","embeddable":true,"href":"https:\/\/acs.org.br\/academy\/wp-json\/wp\/v2\/categories?post=113465"},{"taxonomy":"post_tag","embeddable":true,"href":"https:\/\/acs.org.br\/academy\/wp-json\/wp\/v2\/tags?post=113465"}],"curies":[{"name":"wp","href":"https:\/\/api.w.org\/{rel}","templated":true}]}}