{"id":113448,"date":"2023-01-11T13:37:14","date_gmt":"2023-01-11T16:37:14","guid":{"rendered":"https:\/\/acs.org.br\/antigo\/?p=113448"},"modified":"2023-01-11T13:37:14","modified_gmt":"2023-01-11T16:37:14","slug":"cafe-exportacoes-de-cafe-do-vietna-cresceram-10-em-2022","status":"publish","type":"post","link":"https:\/\/acs.org.br\/academy\/cafe-exportacoes-de-cafe-do-vietna-cresceram-10-em-2022\/","title":{"rendered":"CAF\u00c9: Exporta\u00e7\u00f5es de caf\u00e9 do Vietn\u00e3 cresceram 10% em 2022"},"content":{"rendered":"<p>Fonte: Caf\u00e9 Point<\/p>\n<p>As exporta\u00e7\u00f5es de caf\u00e9 do Vietn\u00e3 cresceram 10,1% em 2022, para 1,72 milh\u00e3o de toneladas, ou 28,7 milh\u00f5es de sacas de 60 kg, de acordo com o Escrit\u00f3rio Geral de Estat\u00edsticas do pa\u00eds. A receita de exporta\u00e7\u00e3o foi 28,3% maior do que em 2021, de US$ 3,9 bilh\u00f5es. No entanto, os embarques durante o m\u00eas de dezembro ca\u00edram 17,2%, para 140 mil toneladas, ganhando US$ 314 milh\u00f5es.<\/p>\n<p><a href=\"https:\/\/www.cafepoint.com.br\/noticias\/giro-de-noticias\/exportacoes-de-cafe-do-vietna-cresceram-10-em-2022-232461\/\">LEIA MAIS&#8230;<\/a><\/p>\n","protected":false},"excerpt":{"rendered":"<p>Fonte: Caf\u00e9 Point As exporta\u00e7\u00f5es de caf\u00e9 do Vietn\u00e3 cresceram 10,1% em 2022, para 1,72 milh\u00e3o de toneladas, ou 28,7 milh\u00f5es de sacas de 60 kg, de acordo com o Escrit\u00f3rio Geral de Estat\u00edsticas do pa\u00eds. A receita de exporta\u00e7\u00e3o foi 28,3% maior do que em 2021, de US$ 3,9 bilh\u00f5es. No entanto, os embarques [&hellip;]<\/p>\n","protected":false},"author":66,"featured_media":0,"comment_status":"open","ping_status":"open","sticky":false,"template":"","format":"standard","meta":{"footnotes":""},"categories":[105],"tags":[],"_links":{"self":[{"href":"https:\/\/acs.org.br\/academy\/wp-json\/wp\/v2\/posts\/113448"}],"collection":[{"href":"https:\/\/acs.org.br\/academy\/wp-json\/wp\/v2\/posts"}],"about":[{"href":"https:\/\/acs.org.br\/academy\/wp-json\/wp\/v2\/types\/post"}],"author":[{"embeddable":true,"href":"https:\/\/acs.org.br\/academy\/wp-json\/wp\/v2\/users\/66"}],"replies":[{"embeddable":true,"href":"https:\/\/acs.org.br\/academy\/wp-json\/wp\/v2\/comments?post=113448"}],"version-history":[{"count":1,"href":"https:\/\/acs.org.br\/academy\/wp-json\/wp\/v2\/posts\/113448\/revisions"}],"predecessor-version":[{"id":113453,"href":"https:\/\/acs.org.br\/academy\/wp-json\/wp\/v2\/posts\/113448\/revisions\/113453"}],"wp:attachment":[{"href":"https:\/\/acs.org.br\/academy\/wp-json\/wp\/v2\/media?parent=113448"}],"wp:term":[{"taxonomy":"category","embeddable":true,"href":"https:\/\/acs.org.br\/academy\/wp-json\/wp\/v2\/categories?post=113448"},{"taxonomy":"post_tag","embeddable":true,"href":"https:\/\/acs.org.br\/academy\/wp-json\/wp\/v2\/tags?post=113448"}],"curies":[{"name":"wp","href":"https:\/\/api.w.org\/{rel}","templated":true}]}}