{"id":113447,"date":"2023-01-11T13:36:52","date_gmt":"2023-01-11T16:36:52","guid":{"rendered":"https:\/\/acs.org.br\/antigo\/?p=113447"},"modified":"2023-01-11T13:36:52","modified_gmt":"2023-01-11T16:36:52","slug":"transporte-ministerio-dos-transportes-recolhe-sugestao-para-plano-de-100-dias","status":"publish","type":"post","link":"https:\/\/acs.org.br\/academy\/transporte-ministerio-dos-transportes-recolhe-sugestao-para-plano-de-100-dias\/","title":{"rendered":"TRANSPORTE: Minist\u00e9rio dos Transportes recolhe sugest\u00e3o para plano de 100 dias"},"content":{"rendered":"<p>Fonte: BE News \u00a0<\/p>\n<p>Uma das promessas feitas pelo ministro dos Transportes, Renan Filho (MDB), ao assumir o cargo foi a constru\u00e7\u00e3o de um plano de a\u00e7\u00e3o para os pr\u00f3ximos 100 dias de gest\u00e3o. Por isso, a pasta abriu ontem (10), uma consulta popular pedindo sugest\u00f5es de a\u00e7\u00f5es priorit\u00e1rias para desenvolver os modais ferrovi\u00e1rio e rodovi\u00e1rio brasileiros.<\/p>\n<p><a href=\"https:\/\/acs.org.br\/antigo\/wp-content\/uploads\/2023\/01\/100-DIAS-BE-NEWS.pdf\">LEIA MAIS&#8230;<\/a><\/p>\n","protected":false},"excerpt":{"rendered":"<p>Fonte: BE News \u00a0 Uma das promessas feitas pelo ministro dos Transportes, Renan Filho (MDB), ao assumir o cargo foi a constru\u00e7\u00e3o de um plano de a\u00e7\u00e3o para os pr\u00f3ximos 100 dias de gest\u00e3o. Por isso, a pasta abriu ontem (10), uma consulta popular pedindo sugest\u00f5es de a\u00e7\u00f5es priorit\u00e1rias para desenvolver os modais ferrovi\u00e1rio e [&hellip;]<\/p>\n","protected":false},"author":66,"featured_media":0,"comment_status":"open","ping_status":"open","sticky":false,"template":"","format":"standard","meta":{"footnotes":""},"categories":[105],"tags":[],"_links":{"self":[{"href":"https:\/\/acs.org.br\/academy\/wp-json\/wp\/v2\/posts\/113447"}],"collection":[{"href":"https:\/\/acs.org.br\/academy\/wp-json\/wp\/v2\/posts"}],"about":[{"href":"https:\/\/acs.org.br\/academy\/wp-json\/wp\/v2\/types\/post"}],"author":[{"embeddable":true,"href":"https:\/\/acs.org.br\/academy\/wp-json\/wp\/v2\/users\/66"}],"replies":[{"embeddable":true,"href":"https:\/\/acs.org.br\/academy\/wp-json\/wp\/v2\/comments?post=113447"}],"version-history":[{"count":1,"href":"https:\/\/acs.org.br\/academy\/wp-json\/wp\/v2\/posts\/113447\/revisions"}],"predecessor-version":[{"id":113452,"href":"https:\/\/acs.org.br\/academy\/wp-json\/wp\/v2\/posts\/113447\/revisions\/113452"}],"wp:attachment":[{"href":"https:\/\/acs.org.br\/academy\/wp-json\/wp\/v2\/media?parent=113447"}],"wp:term":[{"taxonomy":"category","embeddable":true,"href":"https:\/\/acs.org.br\/academy\/wp-json\/wp\/v2\/categories?post=113447"},{"taxonomy":"post_tag","embeddable":true,"href":"https:\/\/acs.org.br\/academy\/wp-json\/wp\/v2\/tags?post=113447"}],"curies":[{"name":"wp","href":"https:\/\/api.w.org\/{rel}","templated":true}]}}