{"id":113440,"date":"2023-01-11T13:34:03","date_gmt":"2023-01-11T16:34:03","guid":{"rendered":"https:\/\/acs.org.br\/antigo\/?p=113440"},"modified":"2023-01-11T13:34:03","modified_gmt":"2023-01-11T16:34:03","slug":"comercio-exterior-reindustrializacao-do-pais-e-prioridade-do-mdic-afirma-geraldo-alckmin","status":"publish","type":"post","link":"https:\/\/acs.org.br\/academy\/comercio-exterior-reindustrializacao-do-pais-e-prioridade-do-mdic-afirma-geraldo-alckmin\/","title":{"rendered":"COM\u00c9RCIO EXTERIOR: Reindustrializa\u00e7\u00e3o do pa\u00eds \u00e9 prioridade do MDIC, afirma Geraldo Alckmin"},"content":{"rendered":"<p>Fonte: Ag\u00eancia Porto\u00a0\u00a0\u00a0\u00a0<\/p>\n<p>O vice-presidente da Rep\u00fablica, Geraldo Alckmin, tomou posse no cargo de ministro do Desenvolvimento, Ind\u00fastria, Com\u00e9rcio e Servi\u00e7os (MDIC), destacando os compromissos priorit\u00e1rios do \u00f3rg\u00e3o com a reindustrializa\u00e7\u00e3o do pa\u00eds, a expans\u00e3o do com\u00e9rcio exterior e a revitaliza\u00e7\u00e3o do setor de servi\u00e7os. A cerim\u00f4nia foi realizada no Sal\u00e3o Nobre do Pal\u00e1cio do Planalto, em Bras\u00edlia, com a presen\u00e7a do presidente Luiz In\u00e1cio Lula da Silva.<\/p>\n<p><a href=\"https:\/\/agenciaporto.com\/noticias\/reindustrializacao-do-pais-e-prioridade-do-mdic-afirma-geraldo-alckmin\">LEIA MAIS&#8230;<\/a><\/p>\n","protected":false},"excerpt":{"rendered":"<p>Fonte: Ag\u00eancia Porto\u00a0\u00a0\u00a0\u00a0 O vice-presidente da Rep\u00fablica, Geraldo Alckmin, tomou posse no cargo de ministro do Desenvolvimento, Ind\u00fastria, Com\u00e9rcio e Servi\u00e7os (MDIC), destacando os compromissos priorit\u00e1rios do \u00f3rg\u00e3o com a reindustrializa\u00e7\u00e3o do pa\u00eds, a expans\u00e3o do com\u00e9rcio exterior e a revitaliza\u00e7\u00e3o do setor de servi\u00e7os. A cerim\u00f4nia foi realizada no Sal\u00e3o Nobre do Pal\u00e1cio do [&hellip;]<\/p>\n","protected":false},"author":66,"featured_media":0,"comment_status":"open","ping_status":"open","sticky":false,"template":"","format":"standard","meta":{"footnotes":""},"categories":[105],"tags":[],"_links":{"self":[{"href":"https:\/\/acs.org.br\/academy\/wp-json\/wp\/v2\/posts\/113440"}],"collection":[{"href":"https:\/\/acs.org.br\/academy\/wp-json\/wp\/v2\/posts"}],"about":[{"href":"https:\/\/acs.org.br\/academy\/wp-json\/wp\/v2\/types\/post"}],"author":[{"embeddable":true,"href":"https:\/\/acs.org.br\/academy\/wp-json\/wp\/v2\/users\/66"}],"replies":[{"embeddable":true,"href":"https:\/\/acs.org.br\/academy\/wp-json\/wp\/v2\/comments?post=113440"}],"version-history":[{"count":1,"href":"https:\/\/acs.org.br\/academy\/wp-json\/wp\/v2\/posts\/113440\/revisions"}],"predecessor-version":[{"id":113445,"href":"https:\/\/acs.org.br\/academy\/wp-json\/wp\/v2\/posts\/113440\/revisions\/113445"}],"wp:attachment":[{"href":"https:\/\/acs.org.br\/academy\/wp-json\/wp\/v2\/media?parent=113440"}],"wp:term":[{"taxonomy":"category","embeddable":true,"href":"https:\/\/acs.org.br\/academy\/wp-json\/wp\/v2\/categories?post=113440"},{"taxonomy":"post_tag","embeddable":true,"href":"https:\/\/acs.org.br\/academy\/wp-json\/wp\/v2\/tags?post=113440"}],"curies":[{"name":"wp","href":"https:\/\/api.w.org\/{rel}","templated":true}]}}