{"id":113439,"date":"2023-01-11T13:33:34","date_gmt":"2023-01-11T16:33:34","guid":{"rendered":"https:\/\/acs.org.br\/antigo\/?p=113439"},"modified":"2023-01-11T13:33:34","modified_gmt":"2023-01-11T16:33:34","slug":"economia-vendas-do-varejo-caem-06-em-novembro-diz-ibge","status":"publish","type":"post","link":"https:\/\/acs.org.br\/academy\/economia-vendas-do-varejo-caem-06-em-novembro-diz-ibge\/","title":{"rendered":"ECONOMIA: Vendas do varejo caem 0,6% em novembro, diz IBGE"},"content":{"rendered":"<p>Fonte: Ag\u00eancia Brasil \u00a0<\/p>\n<p>O volume de vendas do com\u00e9rcio varejista brasileiro recuou 0,6% de outubro para novembro de 2022. Essa \u00e9 a primeira queda desde julho do ano passado (-0,2%) e veio depois de uma alta de 0,3% na passagem de setembro para outubro. Os dados s\u00e3o da Pesquisa Mensal do Com\u00e9rcio (PMC), divulgada hoje (11) pelo Instituto Brasileiro de Geografia e Estat\u00edstica (IBGE).<\/p>\n<p><a href=\"https:\/\/agenciabrasil.ebc.com.br\/educacao\/noticia\/2023-01\/vendas-do-varejo-caem-06-em-novembro-diz-ibge\">LEIA MAIS&#8230;<\/a><\/p>\n","protected":false},"excerpt":{"rendered":"<p>Fonte: Ag\u00eancia Brasil \u00a0 O volume de vendas do com\u00e9rcio varejista brasileiro recuou 0,6% de outubro para novembro de 2022. Essa \u00e9 a primeira queda desde julho do ano passado (-0,2%) e veio depois de uma alta de 0,3% na passagem de setembro para outubro. Os dados s\u00e3o da Pesquisa Mensal do Com\u00e9rcio (PMC), divulgada [&hellip;]<\/p>\n","protected":false},"author":66,"featured_media":0,"comment_status":"open","ping_status":"open","sticky":false,"template":"","format":"standard","meta":{"footnotes":""},"categories":[105],"tags":[],"_links":{"self":[{"href":"https:\/\/acs.org.br\/academy\/wp-json\/wp\/v2\/posts\/113439"}],"collection":[{"href":"https:\/\/acs.org.br\/academy\/wp-json\/wp\/v2\/posts"}],"about":[{"href":"https:\/\/acs.org.br\/academy\/wp-json\/wp\/v2\/types\/post"}],"author":[{"embeddable":true,"href":"https:\/\/acs.org.br\/academy\/wp-json\/wp\/v2\/users\/66"}],"replies":[{"embeddable":true,"href":"https:\/\/acs.org.br\/academy\/wp-json\/wp\/v2\/comments?post=113439"}],"version-history":[{"count":1,"href":"https:\/\/acs.org.br\/academy\/wp-json\/wp\/v2\/posts\/113439\/revisions"}],"predecessor-version":[{"id":113444,"href":"https:\/\/acs.org.br\/academy\/wp-json\/wp\/v2\/posts\/113439\/revisions\/113444"}],"wp:attachment":[{"href":"https:\/\/acs.org.br\/academy\/wp-json\/wp\/v2\/media?parent=113439"}],"wp:term":[{"taxonomy":"category","embeddable":true,"href":"https:\/\/acs.org.br\/academy\/wp-json\/wp\/v2\/categories?post=113439"},{"taxonomy":"post_tag","embeddable":true,"href":"https:\/\/acs.org.br\/academy\/wp-json\/wp\/v2\/tags?post=113439"}],"curies":[{"name":"wp","href":"https:\/\/api.w.org\/{rel}","templated":true}]}}