{"id":113438,"date":"2023-01-11T13:32:54","date_gmt":"2023-01-11T16:32:54","guid":{"rendered":"https:\/\/acs.org.br\/antigo\/?p=113438"},"modified":"2023-01-11T13:32:54","modified_gmt":"2023-01-11T16:32:54","slug":"economia-beneficio-do-inss-acima-do-salario-minimo-tera-reajuste-de-593","status":"publish","type":"post","link":"https:\/\/acs.org.br\/academy\/economia-beneficio-do-inss-acima-do-salario-minimo-tera-reajuste-de-593\/","title":{"rendered":"ECONOMIA: Benef\u00edcio do INSS acima do sal\u00e1rio m\u00ednimo ter\u00e1 reajuste de 5,93%"},"content":{"rendered":"<p>Fonte: A Tribuna<\/p>\n<p>Os benef\u00edcios do Instituto Nacional do Seguro Social (INSS) acima de um sal\u00e1rio m\u00ednimo subir\u00e3o 5,93% neste ano, confirmou ontem o Minist\u00e9rio da Previd\u00eancia Social. O reajuste seguir\u00e1 o \u00cdndice Nacional de Pre\u00e7os ao Consumidor (INPC) do ano passado, divulgado mais cedo pelo Instituto Brasileiro de Geografia e Estat\u00edstica (IBGE).<\/p>\n<p><a href=\"https:\/\/acs.org.br\/antigo\/wp-content\/uploads\/2023\/01\/tribuna-inss.pdf\">LEIA MAIS&#8230;<\/a><\/p>\n","protected":false},"excerpt":{"rendered":"<p>Fonte: A Tribuna Os benef\u00edcios do Instituto Nacional do Seguro Social (INSS) acima de um sal\u00e1rio m\u00ednimo subir\u00e3o 5,93% neste ano, confirmou ontem o Minist\u00e9rio da Previd\u00eancia Social. O reajuste seguir\u00e1 o \u00cdndice Nacional de Pre\u00e7os ao Consumidor (INPC) do ano passado, divulgado mais cedo pelo Instituto Brasileiro de Geografia e Estat\u00edstica (IBGE). LEIA MAIS&#8230;<\/p>\n","protected":false},"author":66,"featured_media":0,"comment_status":"open","ping_status":"open","sticky":false,"template":"","format":"standard","meta":{"footnotes":""},"categories":[105],"tags":[],"_links":{"self":[{"href":"https:\/\/acs.org.br\/academy\/wp-json\/wp\/v2\/posts\/113438"}],"collection":[{"href":"https:\/\/acs.org.br\/academy\/wp-json\/wp\/v2\/posts"}],"about":[{"href":"https:\/\/acs.org.br\/academy\/wp-json\/wp\/v2\/types\/post"}],"author":[{"embeddable":true,"href":"https:\/\/acs.org.br\/academy\/wp-json\/wp\/v2\/users\/66"}],"replies":[{"embeddable":true,"href":"https:\/\/acs.org.br\/academy\/wp-json\/wp\/v2\/comments?post=113438"}],"version-history":[{"count":1,"href":"https:\/\/acs.org.br\/academy\/wp-json\/wp\/v2\/posts\/113438\/revisions"}],"predecessor-version":[{"id":113443,"href":"https:\/\/acs.org.br\/academy\/wp-json\/wp\/v2\/posts\/113438\/revisions\/113443"}],"wp:attachment":[{"href":"https:\/\/acs.org.br\/academy\/wp-json\/wp\/v2\/media?parent=113438"}],"wp:term":[{"taxonomy":"category","embeddable":true,"href":"https:\/\/acs.org.br\/academy\/wp-json\/wp\/v2\/categories?post=113438"},{"taxonomy":"post_tag","embeddable":true,"href":"https:\/\/acs.org.br\/academy\/wp-json\/wp\/v2\/tags?post=113438"}],"curies":[{"name":"wp","href":"https:\/\/api.w.org\/{rel}","templated":true}]}}