{"id":113437,"date":"2023-01-11T13:31:22","date_gmt":"2023-01-11T16:31:22","guid":{"rendered":"https:\/\/acs.org.br\/antigo\/?p=113437"},"modified":"2023-01-11T13:31:22","modified_gmt":"2023-01-11T16:31:22","slug":"porto-tarcisio-vai-a-brasilia-para-falar-sobre-concessao-do-porto-de-santos","status":"publish","type":"post","link":"https:\/\/acs.org.br\/academy\/porto-tarcisio-vai-a-brasilia-para-falar-sobre-concessao-do-porto-de-santos\/","title":{"rendered":"PORTO: Tarc\u00edsio vai a Bras\u00edlia para falar sobre concess\u00e3o do Porto de Santos"},"content":{"rendered":"<p>Fonte: Canal Rural \u00a0\u00a0\u00a0\u00a0\u00a0<\/p>\n<p>O presidente Luiz In\u00e1cio Lula da Silva recebe nesta quarta-feira (11), no Pal\u00e1cio do Planalto, o governador de S\u00e3o Paulo, Tarc\u00edsio Gomes de Freitas. Para al\u00e9m da aproxima\u00e7\u00e3o institucional entre os dois, um dos assuntos da reuni\u00e3o \u2014 intermediada pelo ministro das Rela\u00e7\u00f5es Institucionais, Alexandre Padilha \u2014 ser\u00e1 a privatiza\u00e7\u00e3o do Porto de Santos.<\/p>\n<p><a href=\"https:\/\/www.canalrural.com.br\/noticias\/politica\/tarcisio-vai-a-brasilia-para-falar-sobre-concessao-do-porto-de-santos\/\">LEIA MAIS&#8230;<\/a><\/p>\n","protected":false},"excerpt":{"rendered":"<p>Fonte: Canal Rural \u00a0\u00a0\u00a0\u00a0\u00a0 O presidente Luiz In\u00e1cio Lula da Silva recebe nesta quarta-feira (11), no Pal\u00e1cio do Planalto, o governador de S\u00e3o Paulo, Tarc\u00edsio Gomes de Freitas. Para al\u00e9m da aproxima\u00e7\u00e3o institucional entre os dois, um dos assuntos da reuni\u00e3o \u2014 intermediada pelo ministro das Rela\u00e7\u00f5es Institucionais, Alexandre Padilha \u2014 ser\u00e1 a privatiza\u00e7\u00e3o do [&hellip;]<\/p>\n","protected":false},"author":66,"featured_media":0,"comment_status":"open","ping_status":"open","sticky":false,"template":"","format":"standard","meta":{"footnotes":""},"categories":[105],"tags":[],"_links":{"self":[{"href":"https:\/\/acs.org.br\/academy\/wp-json\/wp\/v2\/posts\/113437"}],"collection":[{"href":"https:\/\/acs.org.br\/academy\/wp-json\/wp\/v2\/posts"}],"about":[{"href":"https:\/\/acs.org.br\/academy\/wp-json\/wp\/v2\/types\/post"}],"author":[{"embeddable":true,"href":"https:\/\/acs.org.br\/academy\/wp-json\/wp\/v2\/users\/66"}],"replies":[{"embeddable":true,"href":"https:\/\/acs.org.br\/academy\/wp-json\/wp\/v2\/comments?post=113437"}],"version-history":[{"count":1,"href":"https:\/\/acs.org.br\/academy\/wp-json\/wp\/v2\/posts\/113437\/revisions"}],"predecessor-version":[{"id":113441,"href":"https:\/\/acs.org.br\/academy\/wp-json\/wp\/v2\/posts\/113437\/revisions\/113441"}],"wp:attachment":[{"href":"https:\/\/acs.org.br\/academy\/wp-json\/wp\/v2\/media?parent=113437"}],"wp:term":[{"taxonomy":"category","embeddable":true,"href":"https:\/\/acs.org.br\/academy\/wp-json\/wp\/v2\/categories?post=113437"},{"taxonomy":"post_tag","embeddable":true,"href":"https:\/\/acs.org.br\/academy\/wp-json\/wp\/v2\/tags?post=113437"}],"curies":[{"name":"wp","href":"https:\/\/api.w.org\/{rel}","templated":true}]}}