{"id":113430,"date":"2023-01-10T13:28:59","date_gmt":"2023-01-10T16:28:59","guid":{"rendered":"https:\/\/acs.org.br\/antigo\/?p=113430"},"modified":"2023-01-10T13:28:59","modified_gmt":"2023-01-10T16:28:59","slug":"cafe-cotacoes-futuras-do-cafe-arabica-iniciam-a-sessao-desta-3afeira-com-ligeiras-quedas-na-bolsa-de-ny","status":"publish","type":"post","link":"https:\/\/acs.org.br\/academy\/cafe-cotacoes-futuras-do-cafe-arabica-iniciam-a-sessao-desta-3afeira-com-ligeiras-quedas-na-bolsa-de-ny\/","title":{"rendered":"CAF\u00c9: Cota\u00e7\u00f5es futuras do caf\u00e9 ar\u00e1bica iniciam a sess\u00e3o desta 3\u00aafeira com ligeiras quedas na Bolsa de NY"},"content":{"rendered":"<p>Fonte: Not\u00edcias Agr\u00edcolas\u00a0<\/p>\n<p>Nesta ter\u00e7a-feira (10), as cota\u00e7\u00f5es futuras do caf\u00e9 ar\u00e1bica iniciaram a sess\u00e3o com ligeiras quedas na Bolsa de Nova York (ICE Future US). Por volta das 08h51 (hor\u00e1rio de Bras\u00edlia), o vencimento mar\u00e7o\/23 trabalhava com recuo de 30 pontos, negociado por 157,75 cents\/lbp.<\/p>\n<p><a href=\"https:\/\/www.noticiasagricolas.com.br\/noticias\/cafe\/338196-cotacoes-futuras-do-cafe-arabica-iniciam-a-sessao-desta-3-feira-com-ligeiras-quedas-na-bolsa-de-ny.html#.Y72Fn3bMLIU\">LEIA MAIS&#8230;<\/a><\/p>\n","protected":false},"excerpt":{"rendered":"<p>Fonte: Not\u00edcias Agr\u00edcolas\u00a0 Nesta ter\u00e7a-feira (10), as cota\u00e7\u00f5es futuras do caf\u00e9 ar\u00e1bica iniciaram a sess\u00e3o com ligeiras quedas na Bolsa de Nova York (ICE Future US). Por volta das 08h51 (hor\u00e1rio de Bras\u00edlia), o vencimento mar\u00e7o\/23 trabalhava com recuo de 30 pontos, negociado por 157,75 cents\/lbp. LEIA MAIS&#8230;<\/p>\n","protected":false},"author":66,"featured_media":0,"comment_status":"open","ping_status":"open","sticky":false,"template":"","format":"standard","meta":{"footnotes":""},"categories":[105],"tags":[],"_links":{"self":[{"href":"https:\/\/acs.org.br\/academy\/wp-json\/wp\/v2\/posts\/113430"}],"collection":[{"href":"https:\/\/acs.org.br\/academy\/wp-json\/wp\/v2\/posts"}],"about":[{"href":"https:\/\/acs.org.br\/academy\/wp-json\/wp\/v2\/types\/post"}],"author":[{"embeddable":true,"href":"https:\/\/acs.org.br\/academy\/wp-json\/wp\/v2\/users\/66"}],"replies":[{"embeddable":true,"href":"https:\/\/acs.org.br\/academy\/wp-json\/wp\/v2\/comments?post=113430"}],"version-history":[{"count":1,"href":"https:\/\/acs.org.br\/academy\/wp-json\/wp\/v2\/posts\/113430\/revisions"}],"predecessor-version":[{"id":113432,"href":"https:\/\/acs.org.br\/academy\/wp-json\/wp\/v2\/posts\/113430\/revisions\/113432"}],"wp:attachment":[{"href":"https:\/\/acs.org.br\/academy\/wp-json\/wp\/v2\/media?parent=113430"}],"wp:term":[{"taxonomy":"category","embeddable":true,"href":"https:\/\/acs.org.br\/academy\/wp-json\/wp\/v2\/categories?post=113430"},{"taxonomy":"post_tag","embeddable":true,"href":"https:\/\/acs.org.br\/academy\/wp-json\/wp\/v2\/tags?post=113430"}],"curies":[{"name":"wp","href":"https:\/\/api.w.org\/{rel}","templated":true}]}}