{"id":113423,"date":"2023-01-10T13:28:10","date_gmt":"2023-01-10T16:28:10","guid":{"rendered":"https:\/\/acs.org.br\/antigo\/?p=113423"},"modified":"2023-01-10T13:28:10","modified_gmt":"2023-01-10T16:28:10","slug":"atualidades-santos-confirma-mudancas-na-administracao-municipal","status":"publish","type":"post","link":"https:\/\/acs.org.br\/academy\/atualidades-santos-confirma-mudancas-na-administracao-municipal\/","title":{"rendered":"ATUALIDADES: Santos confirma mudan\u00e7as na Administra\u00e7\u00e3o Municipal"},"content":{"rendered":"<p>Fonte: A Tribuna \u00a0<\/p>\n<p>A Prefeitura de Santos anunciou mudan\u00e7as de denomina\u00e7\u00e3o de secretarias e coordenadorias, dentro de um novo rumo administrativo. O decreto foi publicado na edi\u00e7\u00e3o de ontem no Di\u00e1rio Oficial.<\/p>\n<p><a href=\"https:\/\/acs.org.br\/antigo\/wp-content\/uploads\/2023\/01\/administracao-municipal-tribuna.pdf\">LEIA MAIS&#8230;<\/a><\/p>\n","protected":false},"excerpt":{"rendered":"<p>Fonte: A Tribuna \u00a0 A Prefeitura de Santos anunciou mudan\u00e7as de denomina\u00e7\u00e3o de secretarias e coordenadorias, dentro de um novo rumo administrativo. O decreto foi publicado na edi\u00e7\u00e3o de ontem no Di\u00e1rio Oficial. LEIA MAIS&#8230;<\/p>\n","protected":false},"author":66,"featured_media":0,"comment_status":"open","ping_status":"open","sticky":false,"template":"","format":"standard","meta":{"footnotes":""},"categories":[105],"tags":[],"_links":{"self":[{"href":"https:\/\/acs.org.br\/academy\/wp-json\/wp\/v2\/posts\/113423"}],"collection":[{"href":"https:\/\/acs.org.br\/academy\/wp-json\/wp\/v2\/posts"}],"about":[{"href":"https:\/\/acs.org.br\/academy\/wp-json\/wp\/v2\/types\/post"}],"author":[{"embeddable":true,"href":"https:\/\/acs.org.br\/academy\/wp-json\/wp\/v2\/users\/66"}],"replies":[{"embeddable":true,"href":"https:\/\/acs.org.br\/academy\/wp-json\/wp\/v2\/comments?post=113423"}],"version-history":[{"count":1,"href":"https:\/\/acs.org.br\/academy\/wp-json\/wp\/v2\/posts\/113423\/revisions"}],"predecessor-version":[{"id":113428,"href":"https:\/\/acs.org.br\/academy\/wp-json\/wp\/v2\/posts\/113423\/revisions\/113428"}],"wp:attachment":[{"href":"https:\/\/acs.org.br\/academy\/wp-json\/wp\/v2\/media?parent=113423"}],"wp:term":[{"taxonomy":"category","embeddable":true,"href":"https:\/\/acs.org.br\/academy\/wp-json\/wp\/v2\/categories?post=113423"},{"taxonomy":"post_tag","embeddable":true,"href":"https:\/\/acs.org.br\/academy\/wp-json\/wp\/v2\/tags?post=113423"}],"curies":[{"name":"wp","href":"https:\/\/api.w.org\/{rel}","templated":true}]}}