{"id":113419,"date":"2023-01-10T13:25:53","date_gmt":"2023-01-10T16:25:53","guid":{"rendered":"https:\/\/acs.org.br\/antigo\/?p=113419"},"modified":"2023-01-10T13:25:53","modified_gmt":"2023-01-10T16:25:53","slug":"comercio-exterior-balanca-comercial-tem-superavit-de-us-169-bilhao-na-primeira-semana-de-janeiro","status":"publish","type":"post","link":"https:\/\/acs.org.br\/academy\/comercio-exterior-balanca-comercial-tem-superavit-de-us-169-bilhao-na-primeira-semana-de-janeiro\/","title":{"rendered":"COM\u00c9RCIO EXTERIOR: Balan\u00e7a comercial tem super\u00e1vit de US$ 1,69 bilh\u00e3o na primeira semana de janeiro"},"content":{"rendered":"<p>Fonte: Ag\u00eancia Porto \u00a0\u00a0\u00a0\u00a0<\/p>\n<p>A balan\u00e7a comercial brasileira registrou super\u00e1vit de US$ 1,69 bilh\u00e3o na primeira semana de janeiro. A corrente de com\u00e9rcio (soma de exporta\u00e7\u00f5es e importa\u00e7\u00f5es) aumentou 14,5% pela m\u00e9dia di\u00e1ria, em rela\u00e7\u00e3o a janeiro de 2022, alcan\u00e7ando US$ 10,80 bilh\u00f5es. Os dados foram divulgados nesta segunda-feira (09\/01) pela Secretaria de Com\u00e9rcio Exterior (Secex) do Minist\u00e9rio do Desenvolvimento, Ind\u00fastria, Com\u00e9rcio e Servi\u00e7os.<\/p>\n<p><a href=\"https:\/\/agenciaporto.com\/noticias\/balanca-comercial-tem-superavit-de-us-169-bilhao-na-primeira-semana-de-janeiro\">LEIA MAIS&#8230;<\/a><\/p>\n","protected":false},"excerpt":{"rendered":"<p>Fonte: Ag\u00eancia Porto \u00a0\u00a0\u00a0\u00a0 A balan\u00e7a comercial brasileira registrou super\u00e1vit de US$ 1,69 bilh\u00e3o na primeira semana de janeiro. A corrente de com\u00e9rcio (soma de exporta\u00e7\u00f5es e importa\u00e7\u00f5es) aumentou 14,5% pela m\u00e9dia di\u00e1ria, em rela\u00e7\u00e3o a janeiro de 2022, alcan\u00e7ando US$ 10,80 bilh\u00f5es. Os dados foram divulgados nesta segunda-feira (09\/01) pela Secretaria de Com\u00e9rcio Exterior [&hellip;]<\/p>\n","protected":false},"author":66,"featured_media":0,"comment_status":"open","ping_status":"open","sticky":false,"template":"","format":"standard","meta":{"footnotes":""},"categories":[105],"tags":[],"_links":{"self":[{"href":"https:\/\/acs.org.br\/academy\/wp-json\/wp\/v2\/posts\/113419"}],"collection":[{"href":"https:\/\/acs.org.br\/academy\/wp-json\/wp\/v2\/posts"}],"about":[{"href":"https:\/\/acs.org.br\/academy\/wp-json\/wp\/v2\/types\/post"}],"author":[{"embeddable":true,"href":"https:\/\/acs.org.br\/academy\/wp-json\/wp\/v2\/users\/66"}],"replies":[{"embeddable":true,"href":"https:\/\/acs.org.br\/academy\/wp-json\/wp\/v2\/comments?post=113419"}],"version-history":[{"count":1,"href":"https:\/\/acs.org.br\/academy\/wp-json\/wp\/v2\/posts\/113419\/revisions"}],"predecessor-version":[{"id":113420,"href":"https:\/\/acs.org.br\/academy\/wp-json\/wp\/v2\/posts\/113419\/revisions\/113420"}],"wp:attachment":[{"href":"https:\/\/acs.org.br\/academy\/wp-json\/wp\/v2\/media?parent=113419"}],"wp:term":[{"taxonomy":"category","embeddable":true,"href":"https:\/\/acs.org.br\/academy\/wp-json\/wp\/v2\/categories?post=113419"},{"taxonomy":"post_tag","embeddable":true,"href":"https:\/\/acs.org.br\/academy\/wp-json\/wp\/v2\/tags?post=113419"}],"curies":[{"name":"wp","href":"https:\/\/api.w.org\/{rel}","templated":true}]}}