{"id":113417,"date":"2023-01-10T13:27:30","date_gmt":"2023-01-10T16:27:30","guid":{"rendered":"https:\/\/acs.org.br\/antigo\/?p=113417"},"modified":"2023-01-10T13:27:30","modified_gmt":"2023-01-10T16:27:30","slug":"transporte-sp-leilao-do-trecho-norte-do-rodoanel-esta-arcado-para-marco","status":"publish","type":"post","link":"https:\/\/acs.org.br\/academy\/transporte-sp-leilao-do-trecho-norte-do-rodoanel-esta-arcado-para-marco\/","title":{"rendered":"TRANSPORTE: SP: leil\u00e3o do trecho Norte do Rodoanel est\u00e1 arcado para mar\u00e7o"},"content":{"rendered":"<p>Fonte: BE News \u00a0\u00a0\u00a0<\/p>\n<p>O leil\u00e3o do trecho Norte do Rodoanel vai acontecer em 14 de mar\u00e7o, segundo informou a Ag\u00eancia de Transporte do Estado de S\u00e3o Paulo (Artesp). O vencedor da licita\u00e7\u00e3o ser\u00e1 anunciado durante evento na sede da B3, a bolsa de valores do Estado. \u00a0<\/p>\n<p><a href=\"https:\/\/acs.org.br\/antigo\/wp-content\/uploads\/2023\/01\/be-news.pdf\">LEIA MAIS&#8230;<\/a><\/p>\n","protected":false},"excerpt":{"rendered":"<p>Fonte: BE News \u00a0\u00a0\u00a0 O leil\u00e3o do trecho Norte do Rodoanel vai acontecer em 14 de mar\u00e7o, segundo informou a Ag\u00eancia de Transporte do Estado de S\u00e3o Paulo (Artesp). O vencedor da licita\u00e7\u00e3o ser\u00e1 anunciado durante evento na sede da B3, a bolsa de valores do Estado. \u00a0 LEIA MAIS&#8230;<\/p>\n","protected":false},"author":66,"featured_media":0,"comment_status":"open","ping_status":"open","sticky":false,"template":"","format":"standard","meta":{"footnotes":""},"categories":[105],"tags":[],"_links":{"self":[{"href":"https:\/\/acs.org.br\/academy\/wp-json\/wp\/v2\/posts\/113417"}],"collection":[{"href":"https:\/\/acs.org.br\/academy\/wp-json\/wp\/v2\/posts"}],"about":[{"href":"https:\/\/acs.org.br\/academy\/wp-json\/wp\/v2\/types\/post"}],"author":[{"embeddable":true,"href":"https:\/\/acs.org.br\/academy\/wp-json\/wp\/v2\/users\/66"}],"replies":[{"embeddable":true,"href":"https:\/\/acs.org.br\/academy\/wp-json\/wp\/v2\/comments?post=113417"}],"version-history":[{"count":1,"href":"https:\/\/acs.org.br\/academy\/wp-json\/wp\/v2\/posts\/113417\/revisions"}],"predecessor-version":[{"id":113426,"href":"https:\/\/acs.org.br\/academy\/wp-json\/wp\/v2\/posts\/113417\/revisions\/113426"}],"wp:attachment":[{"href":"https:\/\/acs.org.br\/academy\/wp-json\/wp\/v2\/media?parent=113417"}],"wp:term":[{"taxonomy":"category","embeddable":true,"href":"https:\/\/acs.org.br\/academy\/wp-json\/wp\/v2\/categories?post=113417"},{"taxonomy":"post_tag","embeddable":true,"href":"https:\/\/acs.org.br\/academy\/wp-json\/wp\/v2\/tags?post=113417"}],"curies":[{"name":"wp","href":"https:\/\/api.w.org\/{rel}","templated":true}]}}