{"id":113412,"date":"2023-01-10T13:25:14","date_gmt":"2023-01-10T16:25:14","guid":{"rendered":"https:\/\/acs.org.br\/antigo\/?p=113412"},"modified":"2023-01-10T13:25:14","modified_gmt":"2023-01-10T16:25:14","slug":"economia-petrobras-reduz-preco-de-venda-do-gas-natural-em-111","status":"publish","type":"post","link":"https:\/\/acs.org.br\/academy\/economia-petrobras-reduz-preco-de-venda-do-gas-natural-em-111\/","title":{"rendered":"ECONOMIA: Petrobras reduz pre\u00e7o de venda do g\u00e1s natural em 11,1%"},"content":{"rendered":"<p>Fonte: Santaportal<\/p>\n<p>A Petrobras anunciou hoje (10) que vai atualizar o valor do g\u00e1s natural. O pre\u00e7o de venda para as distribuidoras vai cair, em m\u00e9dia, 11,1% por metro c\u00fabico, a partir do dia 1\u00ba de fevereiro, conforme prev\u00ea os contratos de distribui\u00e7\u00e3o por dutos. A redu\u00e7\u00e3o \u00e9 em rela\u00e7\u00e3o ao valor praticado no trimestre novembro-dezembro-janeiro.<\/p>\n<p><a href=\"https:\/\/santaportal.com.br\/geral\/petrobras-reduz-preco-de-venda-do-gas-natural-em-111\/\">LEIA MAIS&#8230;<\/a><\/p>\n","protected":false},"excerpt":{"rendered":"<p>Fonte: Santaportal A Petrobras anunciou hoje (10) que vai atualizar o valor do g\u00e1s natural. O pre\u00e7o de venda para as distribuidoras vai cair, em m\u00e9dia, 11,1% por metro c\u00fabico, a partir do dia 1\u00ba de fevereiro, conforme prev\u00ea os contratos de distribui\u00e7\u00e3o por dutos. A redu\u00e7\u00e3o \u00e9 em rela\u00e7\u00e3o ao valor praticado no trimestre [&hellip;]<\/p>\n","protected":false},"author":66,"featured_media":0,"comment_status":"open","ping_status":"open","sticky":false,"template":"","format":"standard","meta":{"footnotes":""},"categories":[105],"tags":[],"_links":{"self":[{"href":"https:\/\/acs.org.br\/academy\/wp-json\/wp\/v2\/posts\/113412"}],"collection":[{"href":"https:\/\/acs.org.br\/academy\/wp-json\/wp\/v2\/posts"}],"about":[{"href":"https:\/\/acs.org.br\/academy\/wp-json\/wp\/v2\/types\/post"}],"author":[{"embeddable":true,"href":"https:\/\/acs.org.br\/academy\/wp-json\/wp\/v2\/users\/66"}],"replies":[{"embeddable":true,"href":"https:\/\/acs.org.br\/academy\/wp-json\/wp\/v2\/comments?post=113412"}],"version-history":[{"count":1,"href":"https:\/\/acs.org.br\/academy\/wp-json\/wp\/v2\/posts\/113412\/revisions"}],"predecessor-version":[{"id":113418,"href":"https:\/\/acs.org.br\/academy\/wp-json\/wp\/v2\/posts\/113412\/revisions\/113418"}],"wp:attachment":[{"href":"https:\/\/acs.org.br\/academy\/wp-json\/wp\/v2\/media?parent=113412"}],"wp:term":[{"taxonomy":"category","embeddable":true,"href":"https:\/\/acs.org.br\/academy\/wp-json\/wp\/v2\/categories?post=113412"},{"taxonomy":"post_tag","embeddable":true,"href":"https:\/\/acs.org.br\/academy\/wp-json\/wp\/v2\/tags?post=113412"}],"curies":[{"name":"wp","href":"https:\/\/api.w.org\/{rel}","templated":true}]}}