{"id":113363,"date":"2023-01-09T13:36:07","date_gmt":"2023-01-09T16:36:07","guid":{"rendered":"https:\/\/acs.org.br\/antigo\/?p=113363"},"modified":"2023-01-09T13:36:07","modified_gmt":"2023-01-09T16:36:07","slug":"atualidades-populacao-da-baixada-santista-cresce-97-nos-ultimos-12-anos-revela-previa-do-censo-do-ibge-confira-os-numeros","status":"publish","type":"post","link":"https:\/\/acs.org.br\/academy\/atualidades-populacao-da-baixada-santista-cresce-97-nos-ultimos-12-anos-revela-previa-do-censo-do-ibge-confira-os-numeros\/","title":{"rendered":"ATUALIDADES: Popula\u00e7\u00e3o da Baixada Santista cresce 9,7% nos \u00faltimos 12 anos, revela pr\u00e9via do Censo do IBGE; confira os n\u00fameros"},"content":{"rendered":"<p>Fonte: G1 \u00a0\u00a0\u00a0\u00a0\u00a0\u00a0\u00a0<\/p>\n<p>A popula\u00e7\u00e3o da Baixada Santista, no litoral de S\u00e3o Paulo, teve um aumento de ao menos 161, 4 mil habitantes nos \u00faltimos 12 anos. O dado \u00e9 resultado da compara\u00e7\u00e3o entre a pr\u00e9via do Censo do Instituto Brasileiro de Geografia e Estat\u00edstica (IBGE) de 2022 e os n\u00fameros consolidados de 2010.<\/p>\n<p><a href=\"https:\/\/g1.globo.com\/sp\/santos-regiao\/noticia\/2023\/01\/06\/populacao-da-baixada-santista-cresce-97percent-nos-ultimos-12-anos-revela-previa-do-censo-do-ibge-confira-os-numeros.ghtml\">LEIA MAIS&#8230;<\/a><\/p>\n","protected":false},"excerpt":{"rendered":"<p>Fonte: G1 \u00a0\u00a0\u00a0\u00a0\u00a0\u00a0\u00a0 A popula\u00e7\u00e3o da Baixada Santista, no litoral de S\u00e3o Paulo, teve um aumento de ao menos 161, 4 mil habitantes nos \u00faltimos 12 anos. O dado \u00e9 resultado da compara\u00e7\u00e3o entre a pr\u00e9via do Censo do Instituto Brasileiro de Geografia e Estat\u00edstica (IBGE) de 2022 e os n\u00fameros consolidados de 2010. LEIA [&hellip;]<\/p>\n","protected":false},"author":66,"featured_media":0,"comment_status":"open","ping_status":"open","sticky":false,"template":"","format":"standard","meta":{"footnotes":""},"categories":[105],"tags":[],"_links":{"self":[{"href":"https:\/\/acs.org.br\/academy\/wp-json\/wp\/v2\/posts\/113363"}],"collection":[{"href":"https:\/\/acs.org.br\/academy\/wp-json\/wp\/v2\/posts"}],"about":[{"href":"https:\/\/acs.org.br\/academy\/wp-json\/wp\/v2\/types\/post"}],"author":[{"embeddable":true,"href":"https:\/\/acs.org.br\/academy\/wp-json\/wp\/v2\/users\/66"}],"replies":[{"embeddable":true,"href":"https:\/\/acs.org.br\/academy\/wp-json\/wp\/v2\/comments?post=113363"}],"version-history":[{"count":1,"href":"https:\/\/acs.org.br\/academy\/wp-json\/wp\/v2\/posts\/113363\/revisions"}],"predecessor-version":[{"id":113367,"href":"https:\/\/acs.org.br\/academy\/wp-json\/wp\/v2\/posts\/113363\/revisions\/113367"}],"wp:attachment":[{"href":"https:\/\/acs.org.br\/academy\/wp-json\/wp\/v2\/media?parent=113363"}],"wp:term":[{"taxonomy":"category","embeddable":true,"href":"https:\/\/acs.org.br\/academy\/wp-json\/wp\/v2\/categories?post=113363"},{"taxonomy":"post_tag","embeddable":true,"href":"https:\/\/acs.org.br\/academy\/wp-json\/wp\/v2\/tags?post=113363"}],"curies":[{"name":"wp","href":"https:\/\/api.w.org\/{rel}","templated":true}]}}