{"id":113355,"date":"2023-01-09T13:33:53","date_gmt":"2023-01-09T16:33:53","guid":{"rendered":"https:\/\/acs.org.br\/antigo\/?p=113355"},"modified":"2023-01-09T13:33:53","modified_gmt":"2023-01-09T16:33:53","slug":"economia-producao-de-veiculos-aumenta-54-em-2022-diz-anfavea","status":"publish","type":"post","link":"https:\/\/acs.org.br\/academy\/economia-producao-de-veiculos-aumenta-54-em-2022-diz-anfavea\/","title":{"rendered":"ECONOMIA: Produ\u00e7\u00e3o de ve\u00edculos aumenta 5,4% em 2022, diz Anfavea"},"content":{"rendered":"<p>Fonte: Ag\u00eancia Brasil \u00a0\u00a0\u00a0\u00a0\u00a0\u00a0\u00a0\u00a0<\/p>\n<p>A produ\u00e7\u00e3o de ve\u00edculos cresceu 5,4% em 2022, ao alcan\u00e7ar 2,37 milh\u00f5es de unidades, ante 2,24 milh\u00f5es produzidas no mesmo per\u00edodo de 2021. De acordo com os n\u00fameros divulgados hoje (6) pela Associa\u00e7\u00e3o Nacional de Fabricantes de Ve\u00edculos Automotores (Anfavea), em dezembro a produ\u00e7\u00e3o foi de 191,5 mil ve\u00edculos, registrando queda de 9,2% na compara\u00e7\u00e3o com o mesmo m\u00eas de 2021 e de 11,3% na compara\u00e7\u00e3o com novembro.<\/p>\n<p><a href=\"https:\/\/agenciabrasil.ebc.com.br\/economia\/noticia\/2023-01\/producao-de-veiculos-aumenta-54-em-2022-diz-anfavea\">LEIA MAIS&#8230;<\/a><\/p>\n","protected":false},"excerpt":{"rendered":"<p>Fonte: Ag\u00eancia Brasil \u00a0\u00a0\u00a0\u00a0\u00a0\u00a0\u00a0\u00a0 A produ\u00e7\u00e3o de ve\u00edculos cresceu 5,4% em 2022, ao alcan\u00e7ar 2,37 milh\u00f5es de unidades, ante 2,24 milh\u00f5es produzidas no mesmo per\u00edodo de 2021. De acordo com os n\u00fameros divulgados hoje (6) pela Associa\u00e7\u00e3o Nacional de Fabricantes de Ve\u00edculos Automotores (Anfavea), em dezembro a produ\u00e7\u00e3o foi de 191,5 mil ve\u00edculos, registrando queda [&hellip;]<\/p>\n","protected":false},"author":66,"featured_media":0,"comment_status":"open","ping_status":"open","sticky":false,"template":"","format":"standard","meta":{"footnotes":""},"categories":[105],"tags":[],"_links":{"self":[{"href":"https:\/\/acs.org.br\/academy\/wp-json\/wp\/v2\/posts\/113355"}],"collection":[{"href":"https:\/\/acs.org.br\/academy\/wp-json\/wp\/v2\/posts"}],"about":[{"href":"https:\/\/acs.org.br\/academy\/wp-json\/wp\/v2\/types\/post"}],"author":[{"embeddable":true,"href":"https:\/\/acs.org.br\/academy\/wp-json\/wp\/v2\/users\/66"}],"replies":[{"embeddable":true,"href":"https:\/\/acs.org.br\/academy\/wp-json\/wp\/v2\/comments?post=113355"}],"version-history":[{"count":1,"href":"https:\/\/acs.org.br\/academy\/wp-json\/wp\/v2\/posts\/113355\/revisions"}],"predecessor-version":[{"id":113360,"href":"https:\/\/acs.org.br\/academy\/wp-json\/wp\/v2\/posts\/113355\/revisions\/113360"}],"wp:attachment":[{"href":"https:\/\/acs.org.br\/academy\/wp-json\/wp\/v2\/media?parent=113355"}],"wp:term":[{"taxonomy":"category","embeddable":true,"href":"https:\/\/acs.org.br\/academy\/wp-json\/wp\/v2\/categories?post=113355"},{"taxonomy":"post_tag","embeddable":true,"href":"https:\/\/acs.org.br\/academy\/wp-json\/wp\/v2\/tags?post=113355"}],"curies":[{"name":"wp","href":"https:\/\/api.w.org\/{rel}","templated":true}]}}