{"id":113320,"date":"2023-01-06T12:38:29","date_gmt":"2023-01-06T15:38:29","guid":{"rendered":"https:\/\/acs.org.br\/antigo\/?p=113320"},"modified":"2023-01-06T12:38:29","modified_gmt":"2023-01-06T15:38:29","slug":"cafe-sem-novidades-e-com-exterior-tendo-expectativa-de-safra-positiva-no-brasil-arabica-abre-em-baixa","status":"publish","type":"post","link":"https:\/\/acs.org.br\/academy\/cafe-sem-novidades-e-com-exterior-tendo-expectativa-de-safra-positiva-no-brasil-arabica-abre-em-baixa\/","title":{"rendered":"CAF\u00c9: Sem novidades e com exterior tendo expectativa de safra positiva no Brasil, ar\u00e1bica abre em baixa"},"content":{"rendered":"<p>Fonte: Not\u00edcias Agr\u00edcolas\u00a0<\/p>\n<p>O mercado futuro do caf\u00e9 ar\u00e1bica abriu as negocia\u00e7\u00f5es desta sexta-feira (6) estendendo as baixas para os principais contratos na Bolsa de Nova York (ICE Future US). O caf\u00e9 segue sendo pressionado pela expectativa de safra cheia no Brasil em 2023.<\/p>\n<p><a href=\"https:\/\/www.noticiasagricolas.com.br\/noticias\/cafe\/337880-sem-novidades-e-com-exterior-tendo-expectativa-de-safra-positiva-no-brasil-arabica-abre-em-baixa.html#.Y7g7EXbMLIU\">LEIA MAIS&#8230;<\/a><\/p>\n","protected":false},"excerpt":{"rendered":"<p>Fonte: Not\u00edcias Agr\u00edcolas\u00a0 O mercado futuro do caf\u00e9 ar\u00e1bica abriu as negocia\u00e7\u00f5es desta sexta-feira (6) estendendo as baixas para os principais contratos na Bolsa de Nova York (ICE Future US). O caf\u00e9 segue sendo pressionado pela expectativa de safra cheia no Brasil em 2023. LEIA MAIS&#8230;<\/p>\n","protected":false},"author":66,"featured_media":0,"comment_status":"open","ping_status":"open","sticky":false,"template":"","format":"standard","meta":{"footnotes":""},"categories":[105],"tags":[],"_links":{"self":[{"href":"https:\/\/acs.org.br\/academy\/wp-json\/wp\/v2\/posts\/113320"}],"collection":[{"href":"https:\/\/acs.org.br\/academy\/wp-json\/wp\/v2\/posts"}],"about":[{"href":"https:\/\/acs.org.br\/academy\/wp-json\/wp\/v2\/types\/post"}],"author":[{"embeddable":true,"href":"https:\/\/acs.org.br\/academy\/wp-json\/wp\/v2\/users\/66"}],"replies":[{"embeddable":true,"href":"https:\/\/acs.org.br\/academy\/wp-json\/wp\/v2\/comments?post=113320"}],"version-history":[{"count":1,"href":"https:\/\/acs.org.br\/academy\/wp-json\/wp\/v2\/posts\/113320\/revisions"}],"predecessor-version":[{"id":113321,"href":"https:\/\/acs.org.br\/academy\/wp-json\/wp\/v2\/posts\/113320\/revisions\/113321"}],"wp:attachment":[{"href":"https:\/\/acs.org.br\/academy\/wp-json\/wp\/v2\/media?parent=113320"}],"wp:term":[{"taxonomy":"category","embeddable":true,"href":"https:\/\/acs.org.br\/academy\/wp-json\/wp\/v2\/categories?post=113320"},{"taxonomy":"post_tag","embeddable":true,"href":"https:\/\/acs.org.br\/academy\/wp-json\/wp\/v2\/tags?post=113320"}],"curies":[{"name":"wp","href":"https:\/\/api.w.org\/{rel}","templated":true}]}}