{"id":113316,"date":"2023-01-06T12:37:02","date_gmt":"2023-01-06T15:37:02","guid":{"rendered":"https:\/\/acs.org.br\/antigo\/?p=113316"},"modified":"2023-01-06T12:37:02","modified_gmt":"2023-01-06T15:37:02","slug":"atualidades-santa-muda-rumo-administrativo","status":"publish","type":"post","link":"https:\/\/acs.org.br\/academy\/atualidades-santa-muda-rumo-administrativo\/","title":{"rendered":"ATUALIDADES: Santa muda rumo administrativo"},"content":{"rendered":"<p>Fonte: A Tribuna \u00a0<\/p>\n<p>A Prefeitura de Santos centralizar\u00e1 na Secretaria de Governo o controle e a cobran\u00e7a por resultados das demais pastas municipais. Tamb\u00e9m criar\u00e1 a Secretaria de Assuntos Legislativos, Projetos Especiais e Metropolitanos, para estreitar rela\u00e7\u00f5es com os governos Federal, Estadual, as outras prefeituras da regi\u00e3o e a C\u00e2mara Municipal.<\/p>\n<p><a href=\"https:\/\/acs.org.br\/antigo\/wp-content\/uploads\/2023\/01\/administracao-santos.pdf\">LEIA MAIS&#8230;<\/a><\/p>\n","protected":false},"excerpt":{"rendered":"<p>Fonte: A Tribuna \u00a0 A Prefeitura de Santos centralizar\u00e1 na Secretaria de Governo o controle e a cobran\u00e7a por resultados das demais pastas municipais. Tamb\u00e9m criar\u00e1 a Secretaria de Assuntos Legislativos, Projetos Especiais e Metropolitanos, para estreitar rela\u00e7\u00f5es com os governos Federal, Estadual, as outras prefeituras da regi\u00e3o e a C\u00e2mara Municipal. LEIA MAIS&#8230;<\/p>\n","protected":false},"author":66,"featured_media":0,"comment_status":"open","ping_status":"open","sticky":false,"template":"","format":"standard","meta":{"footnotes":""},"categories":[105],"tags":[],"_links":{"self":[{"href":"https:\/\/acs.org.br\/academy\/wp-json\/wp\/v2\/posts\/113316"}],"collection":[{"href":"https:\/\/acs.org.br\/academy\/wp-json\/wp\/v2\/posts"}],"about":[{"href":"https:\/\/acs.org.br\/academy\/wp-json\/wp\/v2\/types\/post"}],"author":[{"embeddable":true,"href":"https:\/\/acs.org.br\/academy\/wp-json\/wp\/v2\/users\/66"}],"replies":[{"embeddable":true,"href":"https:\/\/acs.org.br\/academy\/wp-json\/wp\/v2\/comments?post=113316"}],"version-history":[{"count":1,"href":"https:\/\/acs.org.br\/academy\/wp-json\/wp\/v2\/posts\/113316\/revisions"}],"predecessor-version":[{"id":113318,"href":"https:\/\/acs.org.br\/academy\/wp-json\/wp\/v2\/posts\/113316\/revisions\/113318"}],"wp:attachment":[{"href":"https:\/\/acs.org.br\/academy\/wp-json\/wp\/v2\/media?parent=113316"}],"wp:term":[{"taxonomy":"category","embeddable":true,"href":"https:\/\/acs.org.br\/academy\/wp-json\/wp\/v2\/categories?post=113316"},{"taxonomy":"post_tag","embeddable":true,"href":"https:\/\/acs.org.br\/academy\/wp-json\/wp\/v2\/tags?post=113316"}],"curies":[{"name":"wp","href":"https:\/\/api.w.org\/{rel}","templated":true}]}}