{"id":113314,"date":"2023-01-06T12:38:00","date_gmt":"2023-01-06T15:38:00","guid":{"rendered":"https:\/\/acs.org.br\/antigo\/?p=113314"},"modified":"2023-01-06T12:38:00","modified_gmt":"2023-01-06T15:38:00","slug":"atualidades-santos-estabelece-metas-de-gestao-para-2023-e-cria-avaliacao-exclusiva-para-escolas","status":"publish","type":"post","link":"https:\/\/acs.org.br\/academy\/atualidades-santos-estabelece-metas-de-gestao-para-2023-e-cria-avaliacao-exclusiva-para-escolas\/","title":{"rendered":"ATUALIDADES: Santos estabelece metas de gest\u00e3o para 2023 e cria avalia\u00e7\u00e3o exclusiva para escolas"},"content":{"rendered":"<p>Fonte: Santaportal \u00a0\u00a0\u00a0\u00a0\u00a0\u00a0\u00a0\u00a0<\/p>\n<p>Vinte e sete contratos de estabelecimento de metas do programa de Participa\u00e7\u00e3o Direta nos Resultados (PDR) da Prefeitura de Santos foram assinados na manh\u00e3 desta quinta-feira (5\u00ba) pelo prefeito Rog\u00e9rio Santos e por secret\u00e1rios municipais e respons\u00e1veis por autarquias da Administra\u00e7\u00e3o Municipal.<\/p>\n<p><a href=\"https:\/\/santaportal.com.br\/baixada\/santos-estabelece-metas-de-gestao-para-2023-e-cria-avaliacao-exclusiva-para-escolas\/\">LEIA MAIS&#8230;<\/a><\/p>\n","protected":false},"excerpt":{"rendered":"<p>Fonte: Santaportal \u00a0\u00a0\u00a0\u00a0\u00a0\u00a0\u00a0\u00a0 Vinte e sete contratos de estabelecimento de metas do programa de Participa\u00e7\u00e3o Direta nos Resultados (PDR) da Prefeitura de Santos foram assinados na manh\u00e3 desta quinta-feira (5\u00ba) pelo prefeito Rog\u00e9rio Santos e por secret\u00e1rios municipais e respons\u00e1veis por autarquias da Administra\u00e7\u00e3o Municipal. LEIA MAIS&#8230;<\/p>\n","protected":false},"author":66,"featured_media":0,"comment_status":"open","ping_status":"open","sticky":false,"template":"","format":"standard","meta":{"footnotes":""},"categories":[105],"tags":[],"_links":{"self":[{"href":"https:\/\/acs.org.br\/academy\/wp-json\/wp\/v2\/posts\/113314"}],"collection":[{"href":"https:\/\/acs.org.br\/academy\/wp-json\/wp\/v2\/posts"}],"about":[{"href":"https:\/\/acs.org.br\/academy\/wp-json\/wp\/v2\/types\/post"}],"author":[{"embeddable":true,"href":"https:\/\/acs.org.br\/academy\/wp-json\/wp\/v2\/users\/66"}],"replies":[{"embeddable":true,"href":"https:\/\/acs.org.br\/academy\/wp-json\/wp\/v2\/comments?post=113314"}],"version-history":[{"count":1,"href":"https:\/\/acs.org.br\/academy\/wp-json\/wp\/v2\/posts\/113314\/revisions"}],"predecessor-version":[{"id":113319,"href":"https:\/\/acs.org.br\/academy\/wp-json\/wp\/v2\/posts\/113314\/revisions\/113319"}],"wp:attachment":[{"href":"https:\/\/acs.org.br\/academy\/wp-json\/wp\/v2\/media?parent=113314"}],"wp:term":[{"taxonomy":"category","embeddable":true,"href":"https:\/\/acs.org.br\/academy\/wp-json\/wp\/v2\/categories?post=113314"},{"taxonomy":"post_tag","embeddable":true,"href":"https:\/\/acs.org.br\/academy\/wp-json\/wp\/v2\/tags?post=113314"}],"curies":[{"name":"wp","href":"https:\/\/api.w.org\/{rel}","templated":true}]}}