{"id":113308,"date":"2023-01-06T12:36:14","date_gmt":"2023-01-06T15:36:14","guid":{"rendered":"https:\/\/acs.org.br\/antigo\/?p=113308"},"modified":"2023-01-06T12:36:14","modified_gmt":"2023-01-06T15:36:14","slug":"economia-dolar-cai-para-r-535-apos-governo-negar-revisao-de-reformas","status":"publish","type":"post","link":"https:\/\/acs.org.br\/academy\/economia-dolar-cai-para-r-535-apos-governo-negar-revisao-de-reformas\/","title":{"rendered":"ECONOMIA: D\u00f3lar cai para R$ 5,35 ap\u00f3s governo negar revis\u00e3o de reformas"},"content":{"rendered":"<p>Fonte: Ag\u00eancia Brasil \u00a0\u00a0<\/p>\n<p>Em um dia de al\u00edvio no mercado financeiro, o d\u00f3lar teve forte queda e fechou abaixo de R$ 5,40, ap\u00f3s declara\u00e7\u00f5es de ministros de que o governo atual n\u00e3o revisar\u00e1 reformas e medidas econ\u00f4micas tomadas na gest\u00e3o anterior. A bolsa de valores subiu mais de 2% e aproximou-se dos 108 mil pontos.<\/p>\n<p>O d\u00f3lar comercial encerrou esta quinta-feira (5) vendido a R$ 5,352, com recuo de R$ 0,10 (-1,85%). A cota\u00e7\u00e3o operou em baixa durante toda a sess\u00e3o, at\u00e9 fechar na m\u00ednima do dia.<\/p>\n<p><a href=\"https:\/\/agenciabrasil.ebc.com.br\/economia\/noticia\/2023-01\/dolar-cai-para-r-535-apos-governo-negar-revisao-de-reformas\">LEIA MAIS&#8230;<\/a><\/p>\n","protected":false},"excerpt":{"rendered":"<p>Fonte: Ag\u00eancia Brasil \u00a0\u00a0 Em um dia de al\u00edvio no mercado financeiro, o d\u00f3lar teve forte queda e fechou abaixo de R$ 5,40, ap\u00f3s declara\u00e7\u00f5es de ministros de que o governo atual n\u00e3o revisar\u00e1 reformas e medidas econ\u00f4micas tomadas na gest\u00e3o anterior. A bolsa de valores subiu mais de 2% e aproximou-se dos 108 mil [&hellip;]<\/p>\n","protected":false},"author":66,"featured_media":0,"comment_status":"open","ping_status":"open","sticky":false,"template":"","format":"standard","meta":{"footnotes":""},"categories":[105],"tags":[],"_links":{"self":[{"href":"https:\/\/acs.org.br\/academy\/wp-json\/wp\/v2\/posts\/113308"}],"collection":[{"href":"https:\/\/acs.org.br\/academy\/wp-json\/wp\/v2\/posts"}],"about":[{"href":"https:\/\/acs.org.br\/academy\/wp-json\/wp\/v2\/types\/post"}],"author":[{"embeddable":true,"href":"https:\/\/acs.org.br\/academy\/wp-json\/wp\/v2\/users\/66"}],"replies":[{"embeddable":true,"href":"https:\/\/acs.org.br\/academy\/wp-json\/wp\/v2\/comments?post=113308"}],"version-history":[{"count":1,"href":"https:\/\/acs.org.br\/academy\/wp-json\/wp\/v2\/posts\/113308\/revisions"}],"predecessor-version":[{"id":113315,"href":"https:\/\/acs.org.br\/academy\/wp-json\/wp\/v2\/posts\/113308\/revisions\/113315"}],"wp:attachment":[{"href":"https:\/\/acs.org.br\/academy\/wp-json\/wp\/v2\/media?parent=113308"}],"wp:term":[{"taxonomy":"category","embeddable":true,"href":"https:\/\/acs.org.br\/academy\/wp-json\/wp\/v2\/categories?post=113308"},{"taxonomy":"post_tag","embeddable":true,"href":"https:\/\/acs.org.br\/academy\/wp-json\/wp\/v2\/tags?post=113308"}],"curies":[{"name":"wp","href":"https:\/\/api.w.org\/{rel}","templated":true}]}}