{"id":113289,"date":"2023-01-05T12:38:07","date_gmt":"2023-01-05T15:38:07","guid":{"rendered":"https:\/\/acs.org.br\/antigo\/?p=113289"},"modified":"2023-01-05T12:38:08","modified_gmt":"2023-01-05T15:38:08","slug":"cafe-novo-padrao-para-cafe-torrado-entra-em-vigor-e-industria-ja-esta-se-preparando","status":"publish","type":"post","link":"https:\/\/acs.org.br\/academy\/cafe-novo-padrao-para-cafe-torrado-entra-em-vigor-e-industria-ja-esta-se-preparando\/","title":{"rendered":"CAF\u00c9: Novo padr\u00e3o para caf\u00e9 torrado entra em vigor e ind\u00fastria j\u00e1 est\u00e1 se preparando"},"content":{"rendered":"<p>Fonte: Not\u00edcias Agr\u00edcolas\u00a0<\/p>\n<p>Desde o dia 1\u00ba de janeiro, est\u00e3o em vigor os padr\u00f5es de classifica\u00e7\u00e3o para o caf\u00e9 torrado comercializado no Brasil estabelecidos pelo Minist\u00e9rio da Agricultura e Pecu\u00e1ria, a partir da Portaria n\u00ba 570.<\/p>\n<p><a href=\"https:\/\/www.noticiasagricolas.com.br\/noticias\/cafe\/337659-novo-padrao-para-cafe-torrado-entra-em-vigor-e-industria-ja-esta-se-preparando.html#.Y7XJNHbMLIU\">LEIA MAIS&#8230;<\/a><\/p>\n","protected":false},"excerpt":{"rendered":"<p>Fonte: Not\u00edcias Agr\u00edcolas\u00a0 Desde o dia 1\u00ba de janeiro, est\u00e3o em vigor os padr\u00f5es de classifica\u00e7\u00e3o para o caf\u00e9 torrado comercializado no Brasil estabelecidos pelo Minist\u00e9rio da Agricultura e Pecu\u00e1ria, a partir da Portaria n\u00ba 570. LEIA MAIS&#8230;<\/p>\n","protected":false},"author":66,"featured_media":0,"comment_status":"open","ping_status":"open","sticky":false,"template":"","format":"standard","meta":{"footnotes":""},"categories":[105],"tags":[],"_links":{"self":[{"href":"https:\/\/acs.org.br\/academy\/wp-json\/wp\/v2\/posts\/113289"}],"collection":[{"href":"https:\/\/acs.org.br\/academy\/wp-json\/wp\/v2\/posts"}],"about":[{"href":"https:\/\/acs.org.br\/academy\/wp-json\/wp\/v2\/types\/post"}],"author":[{"embeddable":true,"href":"https:\/\/acs.org.br\/academy\/wp-json\/wp\/v2\/users\/66"}],"replies":[{"embeddable":true,"href":"https:\/\/acs.org.br\/academy\/wp-json\/wp\/v2\/comments?post=113289"}],"version-history":[{"count":1,"href":"https:\/\/acs.org.br\/academy\/wp-json\/wp\/v2\/posts\/113289\/revisions"}],"predecessor-version":[{"id":113290,"href":"https:\/\/acs.org.br\/academy\/wp-json\/wp\/v2\/posts\/113289\/revisions\/113290"}],"wp:attachment":[{"href":"https:\/\/acs.org.br\/academy\/wp-json\/wp\/v2\/media?parent=113289"}],"wp:term":[{"taxonomy":"category","embeddable":true,"href":"https:\/\/acs.org.br\/academy\/wp-json\/wp\/v2\/categories?post=113289"},{"taxonomy":"post_tag","embeddable":true,"href":"https:\/\/acs.org.br\/academy\/wp-json\/wp\/v2\/tags?post=113289"}],"curies":[{"name":"wp","href":"https:\/\/api.w.org\/{rel}","templated":true}]}}