{"id":113287,"date":"2023-01-05T12:37:39","date_gmt":"2023-01-05T15:37:39","guid":{"rendered":"https:\/\/acs.org.br\/antigo\/?p=113287"},"modified":"2023-01-05T12:37:39","modified_gmt":"2023-01-05T15:37:39","slug":"mundo-eua-ainda-consideram-maduro-ilegitimo-na-venezuela-diz-governo-biden","status":"publish","type":"post","link":"https:\/\/acs.org.br\/academy\/mundo-eua-ainda-consideram-maduro-ilegitimo-na-venezuela-diz-governo-biden\/","title":{"rendered":"MUNDO: EUA ainda consideram Maduro ileg\u00edtimo na Venezuela, diz governo Biden"},"content":{"rendered":"<p>Fonte: Santaportal \u00a0\u00a0\u00a0\u00a0\u00a0\u00a0\u00a0\u00a0<\/p>\n<p>Os EUA seguem considerando o regime de Nicol\u00e1s Maduro na Venezuela ileg\u00edtimo, disse o porta-voz do Departamento de Estado, Ned Price, nesta ter\u00e7a (3), dias ap\u00f3s a oposi\u00e7\u00e3o do pa\u00eds latino-americano deixar de reconhecer Juan Guaid\u00f3 como presidente interino.<\/p>\n<p><a href=\"https:\/\/santaportal.com.br\/geral\/eua-ainda-consideram-maduro-ilegitimo-na-venezuela-diz-governo-biden\/\">LEIA MAIS&#8230;<\/a><\/p>\n","protected":false},"excerpt":{"rendered":"<p>Fonte: Santaportal \u00a0\u00a0\u00a0\u00a0\u00a0\u00a0\u00a0\u00a0 Os EUA seguem considerando o regime de Nicol\u00e1s Maduro na Venezuela ileg\u00edtimo, disse o porta-voz do Departamento de Estado, Ned Price, nesta ter\u00e7a (3), dias ap\u00f3s a oposi\u00e7\u00e3o do pa\u00eds latino-americano deixar de reconhecer Juan Guaid\u00f3 como presidente interino. LEIA MAIS&#8230;<\/p>\n","protected":false},"author":66,"featured_media":0,"comment_status":"open","ping_status":"open","sticky":false,"template":"","format":"standard","meta":{"footnotes":""},"categories":[105],"tags":[],"_links":{"self":[{"href":"https:\/\/acs.org.br\/academy\/wp-json\/wp\/v2\/posts\/113287"}],"collection":[{"href":"https:\/\/acs.org.br\/academy\/wp-json\/wp\/v2\/posts"}],"about":[{"href":"https:\/\/acs.org.br\/academy\/wp-json\/wp\/v2\/types\/post"}],"author":[{"embeddable":true,"href":"https:\/\/acs.org.br\/academy\/wp-json\/wp\/v2\/users\/66"}],"replies":[{"embeddable":true,"href":"https:\/\/acs.org.br\/academy\/wp-json\/wp\/v2\/comments?post=113287"}],"version-history":[{"count":1,"href":"https:\/\/acs.org.br\/academy\/wp-json\/wp\/v2\/posts\/113287\/revisions"}],"predecessor-version":[{"id":113288,"href":"https:\/\/acs.org.br\/academy\/wp-json\/wp\/v2\/posts\/113287\/revisions\/113288"}],"wp:attachment":[{"href":"https:\/\/acs.org.br\/academy\/wp-json\/wp\/v2\/media?parent=113287"}],"wp:term":[{"taxonomy":"category","embeddable":true,"href":"https:\/\/acs.org.br\/academy\/wp-json\/wp\/v2\/categories?post=113287"},{"taxonomy":"post_tag","embeddable":true,"href":"https:\/\/acs.org.br\/academy\/wp-json\/wp\/v2\/tags?post=113287"}],"curies":[{"name":"wp","href":"https:\/\/api.w.org\/{rel}","templated":true}]}}