{"id":113284,"date":"2023-01-05T12:37:02","date_gmt":"2023-01-05T15:37:02","guid":{"rendered":"https:\/\/acs.org.br\/antigo\/?p=113284"},"modified":"2023-01-05T12:37:02","modified_gmt":"2023-01-05T15:37:02","slug":"atualidades-alckmin-assume-ministerio-do-desenvolvimento-industria-comercio-e-servicos-e-diz-que-reindustrializacao-do-pais-e-essencial","status":"publish","type":"post","link":"https:\/\/acs.org.br\/academy\/atualidades-alckmin-assume-ministerio-do-desenvolvimento-industria-comercio-e-servicos-e-diz-que-reindustrializacao-do-pais-e-essencial\/","title":{"rendered":"ATUALIDADES: Alckmin assume Minist\u00e9rio do Desenvolvimento, Ind\u00fastria, Com\u00e9rcio e Servi\u00e7os e diz que reindustrializa\u00e7\u00e3o do pa\u00eds \u00e9 &#8216;essencial&#8217;"},"content":{"rendered":"<p>Fonte: G1 \u00a0<\/p>\n<p>O vice-presidente Geraldo Alckmin (PSB) assumiu nesta quarta-feira (3) o Minist\u00e9rio do Desenvolvimento, Ind\u00fastria, Com\u00e9rcio e Servi\u00e7os (MDIC).<\/p>\n<p>Alckmin vai acumular as fun\u00e7\u00f5es de vice-presidente e de ministro. O MDIC foi recriado pelo novo governo. Antes, a estrutura da pasta estava no antigo Minist\u00e9rio da Economia.<\/p>\n<p><a href=\"https:\/\/g1.globo.com\/politica\/noticia\/2023\/01\/04\/alckmin-assume-ministerio-do-desenvolvimento-industria-comercio-e-servicos.ghtml\">LEIA MAIS&#8230;<\/a><\/p>\n","protected":false},"excerpt":{"rendered":"<p>Fonte: G1 \u00a0 O vice-presidente Geraldo Alckmin (PSB) assumiu nesta quarta-feira (3) o Minist\u00e9rio do Desenvolvimento, Ind\u00fastria, Com\u00e9rcio e Servi\u00e7os (MDIC). Alckmin vai acumular as fun\u00e7\u00f5es de vice-presidente e de ministro. O MDIC foi recriado pelo novo governo. Antes, a estrutura da pasta estava no antigo Minist\u00e9rio da Economia. LEIA MAIS&#8230;<\/p>\n","protected":false},"author":66,"featured_media":0,"comment_status":"open","ping_status":"open","sticky":false,"template":"","format":"standard","meta":{"footnotes":""},"categories":[105],"tags":[],"_links":{"self":[{"href":"https:\/\/acs.org.br\/academy\/wp-json\/wp\/v2\/posts\/113284"}],"collection":[{"href":"https:\/\/acs.org.br\/academy\/wp-json\/wp\/v2\/posts"}],"about":[{"href":"https:\/\/acs.org.br\/academy\/wp-json\/wp\/v2\/types\/post"}],"author":[{"embeddable":true,"href":"https:\/\/acs.org.br\/academy\/wp-json\/wp\/v2\/users\/66"}],"replies":[{"embeddable":true,"href":"https:\/\/acs.org.br\/academy\/wp-json\/wp\/v2\/comments?post=113284"}],"version-history":[{"count":1,"href":"https:\/\/acs.org.br\/academy\/wp-json\/wp\/v2\/posts\/113284\/revisions"}],"predecessor-version":[{"id":113286,"href":"https:\/\/acs.org.br\/academy\/wp-json\/wp\/v2\/posts\/113284\/revisions\/113286"}],"wp:attachment":[{"href":"https:\/\/acs.org.br\/academy\/wp-json\/wp\/v2\/media?parent=113284"}],"wp:term":[{"taxonomy":"category","embeddable":true,"href":"https:\/\/acs.org.br\/academy\/wp-json\/wp\/v2\/categories?post=113284"},{"taxonomy":"post_tag","embeddable":true,"href":"https:\/\/acs.org.br\/academy\/wp-json\/wp\/v2\/tags?post=113284"}],"curies":[{"name":"wp","href":"https:\/\/api.w.org\/{rel}","templated":true}]}}