{"id":113277,"date":"2023-01-05T12:35:13","date_gmt":"2023-01-05T15:35:13","guid":{"rendered":"https:\/\/acs.org.br\/antigo\/?p=113277"},"modified":"2023-01-05T12:35:13","modified_gmt":"2023-01-05T15:35:13","slug":"economia-prates-descarta-intervencao-no-preco-dos-combustiveis-na-petrobras","status":"publish","type":"post","link":"https:\/\/acs.org.br\/academy\/economia-prates-descarta-intervencao-no-preco-dos-combustiveis-na-petrobras\/","title":{"rendered":"ECONOMIA: Prates descarta interven\u00e7\u00e3o no pre\u00e7o dos combust\u00edveis na Petrobras"},"content":{"rendered":"<p>Fonte: Reda\u00e7\u00e3o Cultura \u00a0\u00a0\u00a0\u00a0\u00a0\u00a0\u00a0\u00a0<\/p>\n<p>O senador Jean Paul Prates (PT), indicado para presidir a Petrobras, disse nesta quarta-feira (4) que n\u00e3o haver\u00e1 interven\u00e7\u00e3o nos pre\u00e7os de combust\u00edveis na estatal. A declara\u00e7\u00e3o aconteceu ap\u00f3s cerim\u00f4nia de posse do vice-presidente Geraldo Alckmin como ministro do Desenvolvimento, Ind\u00fastria, Com\u00e9rcio e Servi\u00e7os.<\/p>\n<p><a href=\"https:\/\/cultura.uol.com.br\/noticias\/54849_prates-descarta-intervencao-no-preco-dos-combustiveis-na-petrobras.html\">LEIA MAIS&#8230;<\/a><\/p>\n","protected":false},"excerpt":{"rendered":"<p>Fonte: Reda\u00e7\u00e3o Cultura \u00a0\u00a0\u00a0\u00a0\u00a0\u00a0\u00a0\u00a0 O senador Jean Paul Prates (PT), indicado para presidir a Petrobras, disse nesta quarta-feira (4) que n\u00e3o haver\u00e1 interven\u00e7\u00e3o nos pre\u00e7os de combust\u00edveis na estatal. A declara\u00e7\u00e3o aconteceu ap\u00f3s cerim\u00f4nia de posse do vice-presidente Geraldo Alckmin como ministro do Desenvolvimento, Ind\u00fastria, Com\u00e9rcio e Servi\u00e7os. LEIA MAIS&#8230;<\/p>\n","protected":false},"author":66,"featured_media":0,"comment_status":"open","ping_status":"open","sticky":false,"template":"","format":"standard","meta":{"footnotes":""},"categories":[105],"tags":[],"_links":{"self":[{"href":"https:\/\/acs.org.br\/academy\/wp-json\/wp\/v2\/posts\/113277"}],"collection":[{"href":"https:\/\/acs.org.br\/academy\/wp-json\/wp\/v2\/posts"}],"about":[{"href":"https:\/\/acs.org.br\/academy\/wp-json\/wp\/v2\/types\/post"}],"author":[{"embeddable":true,"href":"https:\/\/acs.org.br\/academy\/wp-json\/wp\/v2\/users\/66"}],"replies":[{"embeddable":true,"href":"https:\/\/acs.org.br\/academy\/wp-json\/wp\/v2\/comments?post=113277"}],"version-history":[{"count":1,"href":"https:\/\/acs.org.br\/academy\/wp-json\/wp\/v2\/posts\/113277\/revisions"}],"predecessor-version":[{"id":113280,"href":"https:\/\/acs.org.br\/academy\/wp-json\/wp\/v2\/posts\/113277\/revisions\/113280"}],"wp:attachment":[{"href":"https:\/\/acs.org.br\/academy\/wp-json\/wp\/v2\/media?parent=113277"}],"wp:term":[{"taxonomy":"category","embeddable":true,"href":"https:\/\/acs.org.br\/academy\/wp-json\/wp\/v2\/categories?post=113277"},{"taxonomy":"post_tag","embeddable":true,"href":"https:\/\/acs.org.br\/academy\/wp-json\/wp\/v2\/tags?post=113277"}],"curies":[{"name":"wp","href":"https:\/\/api.w.org\/{rel}","templated":true}]}}