{"id":113274,"date":"2023-01-05T12:34:36","date_gmt":"2023-01-05T15:34:36","guid":{"rendered":"https:\/\/acs.org.br\/antigo\/?p=113274"},"modified":"2023-01-05T12:34:36","modified_gmt":"2023-01-05T15:34:36","slug":"porto-80-das-mercadorias-no-mundo-sao-transportadas-em-navios-diz-onu","status":"publish","type":"post","link":"https:\/\/acs.org.br\/academy\/porto-80-das-mercadorias-no-mundo-sao-transportadas-em-navios-diz-onu\/","title":{"rendered":"PORTO: 80% das mercadorias no mundo s\u00e3o transportadas em navios, diz ONU"},"content":{"rendered":"<p>Fonte: Ag\u00eancia Porto<\/p>\n<p>Hoje, 80% das mercadorias comercializadas globalmente s\u00e3o transportadas em navios. Essa porcentagem \u00e9 ainda maior nos pa\u00edses em desenvolvimento. A informa\u00e7\u00e3o \u00e9 da Ag\u00eancia Brasil.<\/p>\n<p>De 2023 a 2027, o com\u00e9rcio mar\u00edtimo global deve crescer uma m\u00e9dia de 2,1%. A informa\u00e7\u00e3o \u00e9 da ONU, a Organiza\u00e7\u00e3o das Na\u00e7\u00f5es Unidas.<\/p>\n<p>A taxa de crescimento do setor neste ano ser\u00e1 mais lenta que a m\u00e9dia das tr\u00eas \u00faltimas d\u00e9cadas, quando o crescimento anual ficou em torno de 3,3%.<\/p>\n<p><a href=\"https:\/\/agenciaporto.com\/noticias\/80-das-mercadorias-no-mundo-sao-transportadas-em-navios-diz-onu\">LEIA MAIS&#8230;<\/a><\/p>\n","protected":false},"excerpt":{"rendered":"<p>Fonte: Ag\u00eancia Porto Hoje, 80% das mercadorias comercializadas globalmente s\u00e3o transportadas em navios. Essa porcentagem \u00e9 ainda maior nos pa\u00edses em desenvolvimento. A informa\u00e7\u00e3o \u00e9 da Ag\u00eancia Brasil. De 2023 a 2027, o com\u00e9rcio mar\u00edtimo global deve crescer uma m\u00e9dia de 2,1%. A informa\u00e7\u00e3o \u00e9 da ONU, a Organiza\u00e7\u00e3o das Na\u00e7\u00f5es Unidas. A taxa de [&hellip;]<\/p>\n","protected":false},"author":66,"featured_media":0,"comment_status":"open","ping_status":"open","sticky":false,"template":"","format":"standard","meta":{"footnotes":""},"categories":[105],"tags":[],"_links":{"self":[{"href":"https:\/\/acs.org.br\/academy\/wp-json\/wp\/v2\/posts\/113274"}],"collection":[{"href":"https:\/\/acs.org.br\/academy\/wp-json\/wp\/v2\/posts"}],"about":[{"href":"https:\/\/acs.org.br\/academy\/wp-json\/wp\/v2\/types\/post"}],"author":[{"embeddable":true,"href":"https:\/\/acs.org.br\/academy\/wp-json\/wp\/v2\/users\/66"}],"replies":[{"embeddable":true,"href":"https:\/\/acs.org.br\/academy\/wp-json\/wp\/v2\/comments?post=113274"}],"version-history":[{"count":1,"href":"https:\/\/acs.org.br\/academy\/wp-json\/wp\/v2\/posts\/113274\/revisions"}],"predecessor-version":[{"id":113278,"href":"https:\/\/acs.org.br\/academy\/wp-json\/wp\/v2\/posts\/113274\/revisions\/113278"}],"wp:attachment":[{"href":"https:\/\/acs.org.br\/academy\/wp-json\/wp\/v2\/media?parent=113274"}],"wp:term":[{"taxonomy":"category","embeddable":true,"href":"https:\/\/acs.org.br\/academy\/wp-json\/wp\/v2\/categories?post=113274"},{"taxonomy":"post_tag","embeddable":true,"href":"https:\/\/acs.org.br\/academy\/wp-json\/wp\/v2\/tags?post=113274"}],"curies":[{"name":"wp","href":"https:\/\/api.w.org\/{rel}","templated":true}]}}