{"id":113273,"date":"2023-01-05T12:34:02","date_gmt":"2023-01-05T15:34:02","guid":{"rendered":"https:\/\/acs.org.br\/antigo\/?p=113273"},"modified":"2023-01-05T12:34:02","modified_gmt":"2023-01-05T15:34:02","slug":"porto-prazo-de-chegada-de-caminhoes-ao-porto-de-santos-e-reduzido","status":"publish","type":"post","link":"https:\/\/acs.org.br\/academy\/porto-prazo-de-chegada-de-caminhoes-ao-porto-de-santos-e-reduzido\/","title":{"rendered":"PORTO: Prazo de chegada de caminh\u00f5es ao Porto de Santos \u00e9 reduzido"},"content":{"rendered":"<p>Fonte: A Tribuna \u00a0<\/p>\n<p>O prazo de chegada de caminh\u00f5es que transportam cont\u00eaineres e cargas soltas com destino ao Porto de Santos foi reduzido para quatro horas. A nova toler\u00e2ncia entrou em vigor no \u00faltimo domingo valera por tr\u00eas meses.<\/p>\n<p><a href=\"https:\/\/acs.org.br\/antigo\/wp-content\/uploads\/2023\/01\/caminhoes-prazo-reduzido.pdf\">LEIA MAIS&#8230;<\/a><\/p>\n","protected":false},"excerpt":{"rendered":"<p>Fonte: A Tribuna \u00a0 O prazo de chegada de caminh\u00f5es que transportam cont\u00eaineres e cargas soltas com destino ao Porto de Santos foi reduzido para quatro horas. A nova toler\u00e2ncia entrou em vigor no \u00faltimo domingo valera por tr\u00eas meses. LEIA MAIS&#8230;<\/p>\n","protected":false},"author":66,"featured_media":0,"comment_status":"open","ping_status":"open","sticky":false,"template":"","format":"standard","meta":{"footnotes":""},"categories":[105],"tags":[],"_links":{"self":[{"href":"https:\/\/acs.org.br\/academy\/wp-json\/wp\/v2\/posts\/113273"}],"collection":[{"href":"https:\/\/acs.org.br\/academy\/wp-json\/wp\/v2\/posts"}],"about":[{"href":"https:\/\/acs.org.br\/academy\/wp-json\/wp\/v2\/types\/post"}],"author":[{"embeddable":true,"href":"https:\/\/acs.org.br\/academy\/wp-json\/wp\/v2\/users\/66"}],"replies":[{"embeddable":true,"href":"https:\/\/acs.org.br\/academy\/wp-json\/wp\/v2\/comments?post=113273"}],"version-history":[{"count":1,"href":"https:\/\/acs.org.br\/academy\/wp-json\/wp\/v2\/posts\/113273\/revisions"}],"predecessor-version":[{"id":113276,"href":"https:\/\/acs.org.br\/academy\/wp-json\/wp\/v2\/posts\/113273\/revisions\/113276"}],"wp:attachment":[{"href":"https:\/\/acs.org.br\/academy\/wp-json\/wp\/v2\/media?parent=113273"}],"wp:term":[{"taxonomy":"category","embeddable":true,"href":"https:\/\/acs.org.br\/academy\/wp-json\/wp\/v2\/categories?post=113273"},{"taxonomy":"post_tag","embeddable":true,"href":"https:\/\/acs.org.br\/academy\/wp-json\/wp\/v2\/tags?post=113273"}],"curies":[{"name":"wp","href":"https:\/\/api.w.org\/{rel}","templated":true}]}}