{"id":113255,"date":"2023-01-04T12:31:36","date_gmt":"2023-01-04T15:31:36","guid":{"rendered":"https:\/\/acs.org.br\/antigo\/?p=113255"},"modified":"2023-01-04T12:31:36","modified_gmt":"2023-01-04T15:31:36","slug":"mundo-papa-elogia-bento-xvi-e-vaticano-se-prepara-para-funeral","status":"publish","type":"post","link":"https:\/\/acs.org.br\/academy\/mundo-papa-elogia-bento-xvi-e-vaticano-se-prepara-para-funeral\/","title":{"rendered":"MUNDO: Papa elogia Bento XVI e Vaticano se prepara para funeral"},"content":{"rendered":"<p>Fonte: Ag\u00eancia Brasil \u00a0\u00a0\u00a0\u00a0\u00a0\u00a0\u00a0<\/p>\n<p>O Vaticano viveu nesta quarta-feira (4) momento inusitado, no qual um papa vivo falava com fi\u00e9is em uma parte da pequena cidade- Estado, enquanto outros, a curta dist\u00e2ncia, homenageavam um ex-pont\u00edfice falecido.<\/p>\n<p><a href=\"https:\/\/agenciabrasil.ebc.com.br\/internacional\/noticia\/2023-01\/papa-elogia-bento-xvi-e-vaticano-se-prepara-para-funeral\">LEIA MAIS&#8230;<\/a><\/p>\n","protected":false},"excerpt":{"rendered":"<p>Fonte: Ag\u00eancia Brasil \u00a0\u00a0\u00a0\u00a0\u00a0\u00a0\u00a0 O Vaticano viveu nesta quarta-feira (4) momento inusitado, no qual um papa vivo falava com fi\u00e9is em uma parte da pequena cidade- Estado, enquanto outros, a curta dist\u00e2ncia, homenageavam um ex-pont\u00edfice falecido. LEIA MAIS&#8230;<\/p>\n","protected":false},"author":66,"featured_media":0,"comment_status":"open","ping_status":"open","sticky":false,"template":"","format":"standard","meta":{"footnotes":""},"categories":[105],"tags":[],"_links":{"self":[{"href":"https:\/\/acs.org.br\/academy\/wp-json\/wp\/v2\/posts\/113255"}],"collection":[{"href":"https:\/\/acs.org.br\/academy\/wp-json\/wp\/v2\/posts"}],"about":[{"href":"https:\/\/acs.org.br\/academy\/wp-json\/wp\/v2\/types\/post"}],"author":[{"embeddable":true,"href":"https:\/\/acs.org.br\/academy\/wp-json\/wp\/v2\/users\/66"}],"replies":[{"embeddable":true,"href":"https:\/\/acs.org.br\/academy\/wp-json\/wp\/v2\/comments?post=113255"}],"version-history":[{"count":1,"href":"https:\/\/acs.org.br\/academy\/wp-json\/wp\/v2\/posts\/113255\/revisions"}],"predecessor-version":[{"id":113257,"href":"https:\/\/acs.org.br\/academy\/wp-json\/wp\/v2\/posts\/113255\/revisions\/113257"}],"wp:attachment":[{"href":"https:\/\/acs.org.br\/academy\/wp-json\/wp\/v2\/media?parent=113255"}],"wp:term":[{"taxonomy":"category","embeddable":true,"href":"https:\/\/acs.org.br\/academy\/wp-json\/wp\/v2\/categories?post=113255"},{"taxonomy":"post_tag","embeddable":true,"href":"https:\/\/acs.org.br\/academy\/wp-json\/wp\/v2\/tags?post=113255"}],"curies":[{"name":"wp","href":"https:\/\/api.w.org\/{rel}","templated":true}]}}