{"id":113250,"date":"2023-01-04T12:29:35","date_gmt":"2023-01-04T15:29:35","guid":{"rendered":"https:\/\/acs.org.br\/antigo\/?p=113250"},"modified":"2023-01-04T12:29:35","modified_gmt":"2023-01-04T15:29:35","slug":"economia-dolar-tem-abertura-estavel-apos-disparada-recente","status":"publish","type":"post","link":"https:\/\/acs.org.br\/academy\/economia-dolar-tem-abertura-estavel-apos-disparada-recente\/","title":{"rendered":"ECONOMIA: D\u00f3lar tem abertura est\u00e1vel, ap\u00f3s disparada recente"},"content":{"rendered":"<p>Fonte: Santaportal<\/p>\n<p>O d\u00f3lar oscilava entre leves altas e baixas frente ao real nos primeiros neg\u00f3cios desta quarta-feira (4), com investidores ajustando posi\u00e7\u00f5es ap\u00f3s disparada recente da divisa norte-americana para um pico em cinco meses, diante de tomares sobre a agenda econ\u00f4mica do presidente Luiz In\u00e1cio lula da Silva.<\/p>\n<p><a href=\"https:\/\/santaportal.com.br\/geral\/dolar-tem-abertura-estavel-apos-disparada-recente\/\">LEIA MAIS&#8230;<\/a><\/p>\n","protected":false},"excerpt":{"rendered":"<p>Fonte: Santaportal O d\u00f3lar oscilava entre leves altas e baixas frente ao real nos primeiros neg\u00f3cios desta quarta-feira (4), com investidores ajustando posi\u00e7\u00f5es ap\u00f3s disparada recente da divisa norte-americana para um pico em cinco meses, diante de tomares sobre a agenda econ\u00f4mica do presidente Luiz In\u00e1cio lula da Silva. LEIA MAIS&#8230;<\/p>\n","protected":false},"author":66,"featured_media":0,"comment_status":"open","ping_status":"open","sticky":false,"template":"","format":"standard","meta":{"footnotes":""},"categories":[105],"tags":[],"_links":{"self":[{"href":"https:\/\/acs.org.br\/academy\/wp-json\/wp\/v2\/posts\/113250"}],"collection":[{"href":"https:\/\/acs.org.br\/academy\/wp-json\/wp\/v2\/posts"}],"about":[{"href":"https:\/\/acs.org.br\/academy\/wp-json\/wp\/v2\/types\/post"}],"author":[{"embeddable":true,"href":"https:\/\/acs.org.br\/academy\/wp-json\/wp\/v2\/users\/66"}],"replies":[{"embeddable":true,"href":"https:\/\/acs.org.br\/academy\/wp-json\/wp\/v2\/comments?post=113250"}],"version-history":[{"count":1,"href":"https:\/\/acs.org.br\/academy\/wp-json\/wp\/v2\/posts\/113250\/revisions"}],"predecessor-version":[{"id":113251,"href":"https:\/\/acs.org.br\/academy\/wp-json\/wp\/v2\/posts\/113250\/revisions\/113251"}],"wp:attachment":[{"href":"https:\/\/acs.org.br\/academy\/wp-json\/wp\/v2\/media?parent=113250"}],"wp:term":[{"taxonomy":"category","embeddable":true,"href":"https:\/\/acs.org.br\/academy\/wp-json\/wp\/v2\/categories?post=113250"},{"taxonomy":"post_tag","embeddable":true,"href":"https:\/\/acs.org.br\/academy\/wp-json\/wp\/v2\/tags?post=113250"}],"curies":[{"name":"wp","href":"https:\/\/api.w.org\/{rel}","templated":true}]}}