{"id":113249,"date":"2023-01-04T12:30:24","date_gmt":"2023-01-04T15:30:24","guid":{"rendered":"https:\/\/acs.org.br\/antigo\/?p=113249"},"modified":"2023-01-04T12:30:24","modified_gmt":"2023-01-04T15:30:24","slug":"transporte-valter-suman-prefeito-de-guaruja-psdb-a-expectativa-e-iniciar-os-voos-a-partir-do-segundo-semestre-no-aeroporto-civil","status":"publish","type":"post","link":"https:\/\/acs.org.br\/academy\/transporte-valter-suman-prefeito-de-guaruja-psdb-a-expectativa-e-iniciar-os-voos-a-partir-do-segundo-semestre-no-aeroporto-civil\/","title":{"rendered":"TRANSPORTE: V\u00e1lter Suman, Prefeito de Guaruj\u00e1 (PSDB) \u201cA expectativa \u00e9 iniciar os voos a partir do segundo semestre no Aeroporto Civil\u201d"},"content":{"rendered":"<p>Fonte: A Tribuna \u00a0<\/p>\n<p>A travessia seca entre Santos e Guaruj\u00e1, um sonho antigo dos moradores da regi\u00e3o, estava no modelo de desestatiza\u00e7\u00e3o proposto na gest\u00e3o do ent\u00e3o presidente Jair Bolsonaro (PL).<\/p>\n<p><a href=\"https:\/\/acs.org.br\/antigo\/wp-content\/uploads\/2023\/01\/aeroporto-prefeito.pdf\">LEIA MAIS&#8230;<\/a><\/p>\n","protected":false},"excerpt":{"rendered":"<p>Fonte: A Tribuna \u00a0 A travessia seca entre Santos e Guaruj\u00e1, um sonho antigo dos moradores da regi\u00e3o, estava no modelo de desestatiza\u00e7\u00e3o proposto na gest\u00e3o do ent\u00e3o presidente Jair Bolsonaro (PL). LEIA MAIS&#8230;<\/p>\n","protected":false},"author":66,"featured_media":0,"comment_status":"open","ping_status":"open","sticky":false,"template":"","format":"standard","meta":{"footnotes":""},"categories":[105],"tags":[],"_links":{"self":[{"href":"https:\/\/acs.org.br\/academy\/wp-json\/wp\/v2\/posts\/113249"}],"collection":[{"href":"https:\/\/acs.org.br\/academy\/wp-json\/wp\/v2\/posts"}],"about":[{"href":"https:\/\/acs.org.br\/academy\/wp-json\/wp\/v2\/types\/post"}],"author":[{"embeddable":true,"href":"https:\/\/acs.org.br\/academy\/wp-json\/wp\/v2\/users\/66"}],"replies":[{"embeddable":true,"href":"https:\/\/acs.org.br\/academy\/wp-json\/wp\/v2\/comments?post=113249"}],"version-history":[{"count":1,"href":"https:\/\/acs.org.br\/academy\/wp-json\/wp\/v2\/posts\/113249\/revisions"}],"predecessor-version":[{"id":113254,"href":"https:\/\/acs.org.br\/academy\/wp-json\/wp\/v2\/posts\/113249\/revisions\/113254"}],"wp:attachment":[{"href":"https:\/\/acs.org.br\/academy\/wp-json\/wp\/v2\/media?parent=113249"}],"wp:term":[{"taxonomy":"category","embeddable":true,"href":"https:\/\/acs.org.br\/academy\/wp-json\/wp\/v2\/categories?post=113249"},{"taxonomy":"post_tag","embeddable":true,"href":"https:\/\/acs.org.br\/academy\/wp-json\/wp\/v2\/tags?post=113249"}],"curies":[{"name":"wp","href":"https:\/\/api.w.org\/{rel}","templated":true}]}}