{"id":113248,"date":"2023-01-04T12:31:11","date_gmt":"2023-01-04T15:31:11","guid":{"rendered":"https:\/\/acs.org.br\/antigo\/?p=113248"},"modified":"2023-01-04T12:31:11","modified_gmt":"2023-01-04T15:31:11","slug":"transporte-projeto-de-lei-para-retomada-das-ferrovias-no-estado-e-aprovado-na-alesp","status":"publish","type":"post","link":"https:\/\/acs.org.br\/academy\/transporte-projeto-de-lei-para-retomada-das-ferrovias-no-estado-e-aprovado-na-alesp\/","title":{"rendered":"TRANSPORTE: Projeto de lei para retomada das ferrovias no Estado \u00e9 aprovado na Alesp"},"content":{"rendered":"<p>Fonte: Ag\u00eancia Porto<\/p>\n<p>Foi aprovado, na Assembleia Legislativa do Estado de S\u00e3o Paulo (Alesp), o Projeto de Lei 148\/22, de autoria do Executivo, que prev\u00ea a retomada do modal ferrovi\u00e1rio para transporte de cargas e pessoas em S\u00e3o Paulo atrav\u00e9s de shortlines \u2013 linhas de trajeto curto.<\/p>\n<p><a href=\"https:\/\/agenciaporto.com\/noticias\/projeto-de-lei-para-retomada-das-ferrovias-no-estado-e-aprovado-na-alesp\">LEIA MAIS&#8230;<\/a><\/p>\n","protected":false},"excerpt":{"rendered":"<p>Fonte: Ag\u00eancia Porto Foi aprovado, na Assembleia Legislativa do Estado de S\u00e3o Paulo (Alesp), o Projeto de Lei 148\/22, de autoria do Executivo, que prev\u00ea a retomada do modal ferrovi\u00e1rio para transporte de cargas e pessoas em S\u00e3o Paulo atrav\u00e9s de shortlines \u2013 linhas de trajeto curto. LEIA MAIS&#8230;<\/p>\n","protected":false},"author":66,"featured_media":0,"comment_status":"open","ping_status":"open","sticky":false,"template":"","format":"standard","meta":{"footnotes":""},"categories":[105],"tags":[],"_links":{"self":[{"href":"https:\/\/acs.org.br\/academy\/wp-json\/wp\/v2\/posts\/113248"}],"collection":[{"href":"https:\/\/acs.org.br\/academy\/wp-json\/wp\/v2\/posts"}],"about":[{"href":"https:\/\/acs.org.br\/academy\/wp-json\/wp\/v2\/types\/post"}],"author":[{"embeddable":true,"href":"https:\/\/acs.org.br\/academy\/wp-json\/wp\/v2\/users\/66"}],"replies":[{"embeddable":true,"href":"https:\/\/acs.org.br\/academy\/wp-json\/wp\/v2\/comments?post=113248"}],"version-history":[{"count":1,"href":"https:\/\/acs.org.br\/academy\/wp-json\/wp\/v2\/posts\/113248\/revisions"}],"predecessor-version":[{"id":113256,"href":"https:\/\/acs.org.br\/academy\/wp-json\/wp\/v2\/posts\/113248\/revisions\/113256"}],"wp:attachment":[{"href":"https:\/\/acs.org.br\/academy\/wp-json\/wp\/v2\/media?parent=113248"}],"wp:term":[{"taxonomy":"category","embeddable":true,"href":"https:\/\/acs.org.br\/academy\/wp-json\/wp\/v2\/categories?post=113248"},{"taxonomy":"post_tag","embeddable":true,"href":"https:\/\/acs.org.br\/academy\/wp-json\/wp\/v2\/tags?post=113248"}],"curies":[{"name":"wp","href":"https:\/\/api.w.org\/{rel}","templated":true}]}}