{"id":113241,"date":"2023-01-04T12:27:47","date_gmt":"2023-01-04T15:27:47","guid":{"rendered":"https:\/\/acs.org.br\/antigo\/?p=113241"},"modified":"2023-01-04T12:27:47","modified_gmt":"2023-01-04T15:27:47","slug":"porto-embarque-de-sacas-de-cafe-tem-alta-de-4-no-porto-de-santos","status":"publish","type":"post","link":"https:\/\/acs.org.br\/academy\/porto-embarque-de-sacas-de-cafe-tem-alta-de-4-no-porto-de-santos\/","title":{"rendered":"PORTO: Embarque de sacas de caf\u00e9 tem alta de 4% no Porto de Santos"},"content":{"rendered":"<p>Fonte: A Tribuna \u00a0<\/p>\n<p>Um total de 29 milh\u00f5es de sacas de caf\u00e9 passaram pelo Porto de Santos entre janeiro e novembro de 2022. O voluma representa uma alta de 4% em rela\u00e7\u00e3o aos embarques da comodity no mesmo per\u00edodo de 2021.<\/p>\n<p><a href=\"https:\/\/acs.org.br\/antigo\/wp-content\/uploads\/2023\/01\/cade-aumento-4.pdf\">LEIA MAIS&#8230;<\/a><\/p>\n","protected":false},"excerpt":{"rendered":"<p>Fonte: A Tribuna \u00a0 Um total de 29 milh\u00f5es de sacas de caf\u00e9 passaram pelo Porto de Santos entre janeiro e novembro de 2022. O voluma representa uma alta de 4% em rela\u00e7\u00e3o aos embarques da comodity no mesmo per\u00edodo de 2021. LEIA MAIS&#8230;<\/p>\n","protected":false},"author":66,"featured_media":0,"comment_status":"open","ping_status":"open","sticky":false,"template":"","format":"standard","meta":{"footnotes":""},"categories":[105],"tags":[],"_links":{"self":[{"href":"https:\/\/acs.org.br\/academy\/wp-json\/wp\/v2\/posts\/113241"}],"collection":[{"href":"https:\/\/acs.org.br\/academy\/wp-json\/wp\/v2\/posts"}],"about":[{"href":"https:\/\/acs.org.br\/academy\/wp-json\/wp\/v2\/types\/post"}],"author":[{"embeddable":true,"href":"https:\/\/acs.org.br\/academy\/wp-json\/wp\/v2\/users\/66"}],"replies":[{"embeddable":true,"href":"https:\/\/acs.org.br\/academy\/wp-json\/wp\/v2\/comments?post=113241"}],"version-history":[{"count":1,"href":"https:\/\/acs.org.br\/academy\/wp-json\/wp\/v2\/posts\/113241\/revisions"}],"predecessor-version":[{"id":113243,"href":"https:\/\/acs.org.br\/academy\/wp-json\/wp\/v2\/posts\/113241\/revisions\/113243"}],"wp:attachment":[{"href":"https:\/\/acs.org.br\/academy\/wp-json\/wp\/v2\/media?parent=113241"}],"wp:term":[{"taxonomy":"category","embeddable":true,"href":"https:\/\/acs.org.br\/academy\/wp-json\/wp\/v2\/categories?post=113241"},{"taxonomy":"post_tag","embeddable":true,"href":"https:\/\/acs.org.br\/academy\/wp-json\/wp\/v2\/tags?post=113241"}],"curies":[{"name":"wp","href":"https:\/\/api.w.org\/{rel}","templated":true}]}}