{"id":113240,"date":"2023-01-04T12:29:05","date_gmt":"2023-01-04T15:29:05","guid":{"rendered":"https:\/\/acs.org.br\/antigo\/?p=113240"},"modified":"2023-01-04T12:34:16","modified_gmt":"2023-01-04T15:34:16","slug":"economia-haddad-faz-contas-para-ajuste-fiscal-de-r-223-bi","status":"publish","type":"post","link":"https:\/\/acs.org.br\/academy\/economia-haddad-faz-contas-para-ajuste-fiscal-de-r-223-bi\/","title":{"rendered":"ECONOMIA: Haddad faz contas para ajuste fiscal de R$ 223 bi"},"content":{"rendered":"<p>Fonte: A Tribuna\u00a0\u00a0\u00a0\u00a0\u00a0\u00a0\u00a0<\/p>\n<p>Com uma previs\u00e3o de rombo nas contas p\u00fablicas de R$ 231 bilh\u00f5es neste ano, conforme cita o Or\u00e7amento, o ministro da Fazenda, Fernando Haddad, recebeu simula\u00e7\u00f5es da equipe econ\u00f4mica para fazer o ajuste fiscal.<\/p>\n<p><a href=\"https:\/\/acs.org.br\/antigo\/wp-content\/uploads\/2023\/01\/224-bi-haddad-1.pdf\">LEIA MAIS&#8230;<\/a><\/p>\n","protected":false},"excerpt":{"rendered":"<p>Fonte: A Tribuna\u00a0\u00a0\u00a0\u00a0\u00a0\u00a0\u00a0 Com uma previs\u00e3o de rombo nas contas p\u00fablicas de R$ 231 bilh\u00f5es neste ano, conforme cita o Or\u00e7amento, o ministro da Fazenda, Fernando Haddad, recebeu simula\u00e7\u00f5es da equipe econ\u00f4mica para fazer o ajuste fiscal. LEIA MAIS&#8230;<\/p>\n","protected":false},"author":66,"featured_media":0,"comment_status":"open","ping_status":"open","sticky":false,"template":"","format":"standard","meta":{"footnotes":""},"categories":[105],"tags":[],"_links":{"self":[{"href":"https:\/\/acs.org.br\/academy\/wp-json\/wp\/v2\/posts\/113240"}],"collection":[{"href":"https:\/\/acs.org.br\/academy\/wp-json\/wp\/v2\/posts"}],"about":[{"href":"https:\/\/acs.org.br\/academy\/wp-json\/wp\/v2\/types\/post"}],"author":[{"embeddable":true,"href":"https:\/\/acs.org.br\/academy\/wp-json\/wp\/v2\/users\/66"}],"replies":[{"embeddable":true,"href":"https:\/\/acs.org.br\/academy\/wp-json\/wp\/v2\/comments?post=113240"}],"version-history":[{"count":2,"href":"https:\/\/acs.org.br\/academy\/wp-json\/wp\/v2\/posts\/113240\/revisions"}],"predecessor-version":[{"id":113260,"href":"https:\/\/acs.org.br\/academy\/wp-json\/wp\/v2\/posts\/113240\/revisions\/113260"}],"wp:attachment":[{"href":"https:\/\/acs.org.br\/academy\/wp-json\/wp\/v2\/media?parent=113240"}],"wp:term":[{"taxonomy":"category","embeddable":true,"href":"https:\/\/acs.org.br\/academy\/wp-json\/wp\/v2\/categories?post=113240"},{"taxonomy":"post_tag","embeddable":true,"href":"https:\/\/acs.org.br\/academy\/wp-json\/wp\/v2\/tags?post=113240"}],"curies":[{"name":"wp","href":"https:\/\/api.w.org\/{rel}","templated":true}]}}