{"id":113231,"date":"2023-01-03T14:34:38","date_gmt":"2023-01-03T17:34:38","guid":{"rendered":"https:\/\/acs.org.br\/antigo\/?p=113231"},"modified":"2023-01-03T14:34:38","modified_gmt":"2023-01-03T17:34:38","slug":"atualidades-reino-unido-pode-se-juntar-ao-fundo-amazonia-diz-ministra-britanica","status":"publish","type":"post","link":"https:\/\/acs.org.br\/academy\/atualidades-reino-unido-pode-se-juntar-ao-fundo-amazonia-diz-ministra-britanica\/","title":{"rendered":"ATUALIDADES: Reino Unido pode se juntar ao Fundo Amaz\u00f4nia, diz ministra brit\u00e2nica"},"content":{"rendered":"<p>Fonte: Ag\u00eancia Brasil<\/p>\n<p>O Reino Unido considera ingressar no Fundo Amaz\u00f4nia de bilh\u00f5es de d\u00f3lares reaberto pelo presidente Luiz In\u00e1cio Lula da Silva para financiar a sustentabilidade na floresta tropical, disse a ministra brit\u00e2nica do Meio Ambiente, Agricultura e Assuntos Rurais, Th\u00e9r\u00e8se Coffey.<\/p>\n<p><a href=\"https:\/\/agenciabrasil.ebc.com.br\/internacional\/noticia\/2023-01\/reino-unido-pode-se-juntar-ao-fundo-amazonia-diz-ministra-britanica\">LEIA MAIS&#8230;<\/a><\/p>\n","protected":false},"excerpt":{"rendered":"<p>Fonte: Ag\u00eancia Brasil O Reino Unido considera ingressar no Fundo Amaz\u00f4nia de bilh\u00f5es de d\u00f3lares reaberto pelo presidente Luiz In\u00e1cio Lula da Silva para financiar a sustentabilidade na floresta tropical, disse a ministra brit\u00e2nica do Meio Ambiente, Agricultura e Assuntos Rurais, Th\u00e9r\u00e8se Coffey. LEIA MAIS&#8230;<\/p>\n","protected":false},"author":66,"featured_media":0,"comment_status":"open","ping_status":"open","sticky":false,"template":"","format":"standard","meta":{"footnotes":""},"categories":[105],"tags":[],"_links":{"self":[{"href":"https:\/\/acs.org.br\/academy\/wp-json\/wp\/v2\/posts\/113231"}],"collection":[{"href":"https:\/\/acs.org.br\/academy\/wp-json\/wp\/v2\/posts"}],"about":[{"href":"https:\/\/acs.org.br\/academy\/wp-json\/wp\/v2\/types\/post"}],"author":[{"embeddable":true,"href":"https:\/\/acs.org.br\/academy\/wp-json\/wp\/v2\/users\/66"}],"replies":[{"embeddable":true,"href":"https:\/\/acs.org.br\/academy\/wp-json\/wp\/v2\/comments?post=113231"}],"version-history":[{"count":1,"href":"https:\/\/acs.org.br\/academy\/wp-json\/wp\/v2\/posts\/113231\/revisions"}],"predecessor-version":[{"id":113232,"href":"https:\/\/acs.org.br\/academy\/wp-json\/wp\/v2\/posts\/113231\/revisions\/113232"}],"wp:attachment":[{"href":"https:\/\/acs.org.br\/academy\/wp-json\/wp\/v2\/media?parent=113231"}],"wp:term":[{"taxonomy":"category","embeddable":true,"href":"https:\/\/acs.org.br\/academy\/wp-json\/wp\/v2\/categories?post=113231"},{"taxonomy":"post_tag","embeddable":true,"href":"https:\/\/acs.org.br\/academy\/wp-json\/wp\/v2\/tags?post=113231"}],"curies":[{"name":"wp","href":"https:\/\/api.w.org\/{rel}","templated":true}]}}