{"id":113229,"date":"2023-01-03T14:34:00","date_gmt":"2023-01-03T17:34:00","guid":{"rendered":"https:\/\/acs.org.br\/antigo\/?p=113229"},"modified":"2023-01-03T14:34:00","modified_gmt":"2023-01-03T17:34:00","slug":"atualidades-cortejo-leva-corpo-de-pele-ate-a-frente-da-casa-de-dona-celeste-mae-do-rei","status":"publish","type":"post","link":"https:\/\/acs.org.br\/academy\/atualidades-cortejo-leva-corpo-de-pele-ate-a-frente-da-casa-de-dona-celeste-mae-do-rei\/","title":{"rendered":"ATUALIDADES: Cortejo leva corpo de Pel\u00e9 at\u00e9 a frente da casa de Dona Celeste, m\u00e3e do Rei"},"content":{"rendered":"<p>Fonte: Santaportal \u00a0<\/p>\n<p>Em um dos momentos mais emocionantes do cortejo do Rei Pel\u00e9 pelas ruas de Santos, torcedores e f\u00e3s rezaram na frente da casa da m\u00e3e de Edson Arantes do Nascimento, Dona Celeste, na Avenida Cel. Joaquim Montenegro, o pr\u00f3ximo da Avenida Epit\u00e1cio Pessoa.<\/p>\n<p><a href=\"https:\/\/santaportal.com.br\/esporte\/cortejo-leva-corpo-pele-frente-casa-dona-celeste-mae-do-rei\/\">LEIA MAIS&#8230;<\/a><\/p>\n","protected":false},"excerpt":{"rendered":"<p>Fonte: Santaportal \u00a0 Em um dos momentos mais emocionantes do cortejo do Rei Pel\u00e9 pelas ruas de Santos, torcedores e f\u00e3s rezaram na frente da casa da m\u00e3e de Edson Arantes do Nascimento, Dona Celeste, na Avenida Cel. Joaquim Montenegro, o pr\u00f3ximo da Avenida Epit\u00e1cio Pessoa. LEIA MAIS&#8230;<\/p>\n","protected":false},"author":66,"featured_media":0,"comment_status":"open","ping_status":"open","sticky":false,"template":"","format":"standard","meta":{"footnotes":""},"categories":[105],"tags":[],"_links":{"self":[{"href":"https:\/\/acs.org.br\/academy\/wp-json\/wp\/v2\/posts\/113229"}],"collection":[{"href":"https:\/\/acs.org.br\/academy\/wp-json\/wp\/v2\/posts"}],"about":[{"href":"https:\/\/acs.org.br\/academy\/wp-json\/wp\/v2\/types\/post"}],"author":[{"embeddable":true,"href":"https:\/\/acs.org.br\/academy\/wp-json\/wp\/v2\/users\/66"}],"replies":[{"embeddable":true,"href":"https:\/\/acs.org.br\/academy\/wp-json\/wp\/v2\/comments?post=113229"}],"version-history":[{"count":1,"href":"https:\/\/acs.org.br\/academy\/wp-json\/wp\/v2\/posts\/113229\/revisions"}],"predecessor-version":[{"id":113230,"href":"https:\/\/acs.org.br\/academy\/wp-json\/wp\/v2\/posts\/113229\/revisions\/113230"}],"wp:attachment":[{"href":"https:\/\/acs.org.br\/academy\/wp-json\/wp\/v2\/media?parent=113229"}],"wp:term":[{"taxonomy":"category","embeddable":true,"href":"https:\/\/acs.org.br\/academy\/wp-json\/wp\/v2\/categories?post=113229"},{"taxonomy":"post_tag","embeddable":true,"href":"https:\/\/acs.org.br\/academy\/wp-json\/wp\/v2\/tags?post=113229"}],"curies":[{"name":"wp","href":"https:\/\/api.w.org\/{rel}","templated":true}]}}