{"id":113224,"date":"2023-01-03T14:32:47","date_gmt":"2023-01-03T17:32:47","guid":{"rendered":"https:\/\/acs.org.br\/antigo\/?p=113224"},"modified":"2023-01-03T14:32:47","modified_gmt":"2023-01-03T17:32:47","slug":"economia-tarcisio-pede-estudos-para-privatizar-sabesp-e-emae","status":"publish","type":"post","link":"https:\/\/acs.org.br\/academy\/economia-tarcisio-pede-estudos-para-privatizar-sabesp-e-emae\/","title":{"rendered":"ECONOMIA: Tarc\u00edsio pede estudos para privatizar Sabesp e Emae"},"content":{"rendered":"<p>Fonte: A Tribuna<\/p>\n<p>O governo Tarc\u00edsio de Freitas, ap\u00f3s se reunir ontem pela primeira vez com o secretariado, afirmou que discutiu como ser\u00e3o feios \u201cos contornos aos primeiros estudos\u201d para a privatiza\u00e7\u00e3o da Emae (Empresa Metropolitana de \u00c1guas e Energia) e da Sabesp, sem dar mais detalhes, mas disse que s\u00e3o objetivos que ser\u00e3o perseguidos \u201cao longo do tempo\u201d.<\/p>\n<p><a href=\"https:\/\/acs.org.br\/antigo\/wp-content\/uploads\/2023\/01\/tarcisio-privatiza.pdf\">LEIA MAIS&#8230;<\/a><\/p>\n","protected":false},"excerpt":{"rendered":"<p>Fonte: A Tribuna O governo Tarc\u00edsio de Freitas, ap\u00f3s se reunir ontem pela primeira vez com o secretariado, afirmou que discutiu como ser\u00e3o feios \u201cos contornos aos primeiros estudos\u201d para a privatiza\u00e7\u00e3o da Emae (Empresa Metropolitana de \u00c1guas e Energia) e da Sabesp, sem dar mais detalhes, mas disse que s\u00e3o objetivos que ser\u00e3o perseguidos [&hellip;]<\/p>\n","protected":false},"author":66,"featured_media":0,"comment_status":"open","ping_status":"open","sticky":false,"template":"","format":"standard","meta":{"footnotes":""},"categories":[105],"tags":[],"_links":{"self":[{"href":"https:\/\/acs.org.br\/academy\/wp-json\/wp\/v2\/posts\/113224"}],"collection":[{"href":"https:\/\/acs.org.br\/academy\/wp-json\/wp\/v2\/posts"}],"about":[{"href":"https:\/\/acs.org.br\/academy\/wp-json\/wp\/v2\/types\/post"}],"author":[{"embeddable":true,"href":"https:\/\/acs.org.br\/academy\/wp-json\/wp\/v2\/users\/66"}],"replies":[{"embeddable":true,"href":"https:\/\/acs.org.br\/academy\/wp-json\/wp\/v2\/comments?post=113224"}],"version-history":[{"count":1,"href":"https:\/\/acs.org.br\/academy\/wp-json\/wp\/v2\/posts\/113224\/revisions"}],"predecessor-version":[{"id":113226,"href":"https:\/\/acs.org.br\/academy\/wp-json\/wp\/v2\/posts\/113224\/revisions\/113226"}],"wp:attachment":[{"href":"https:\/\/acs.org.br\/academy\/wp-json\/wp\/v2\/media?parent=113224"}],"wp:term":[{"taxonomy":"category","embeddable":true,"href":"https:\/\/acs.org.br\/academy\/wp-json\/wp\/v2\/categories?post=113224"},{"taxonomy":"post_tag","embeddable":true,"href":"https:\/\/acs.org.br\/academy\/wp-json\/wp\/v2\/tags?post=113224"}],"curies":[{"name":"wp","href":"https:\/\/api.w.org\/{rel}","templated":true}]}}