{"id":113220,"date":"2023-01-03T14:31:50","date_gmt":"2023-01-03T17:31:50","guid":{"rendered":"https:\/\/acs.org.br\/antigo\/?p=113220"},"modified":"2023-01-03T14:31:50","modified_gmt":"2023-01-03T17:31:50","slug":"porto-lula-revoga-desconto-de-aliquotas","status":"publish","type":"post","link":"https:\/\/acs.org.br\/academy\/porto-lula-revoga-desconto-de-aliquotas\/","title":{"rendered":"PORTO: Lula revoga desconto de al\u00edquotas"},"content":{"rendered":"<p>Fonte: A Tribuna<\/p>\n<p>O presidente Luiz In\u00e1cio Lula da Silva (PT) revogou tr\u00eas decretos sobre isen\u00e7\u00f5es fiscais assinados no \u00faltimo s\u00e1bado pelo ent\u00e3o presidente em exerc\u00edcio, Hamilton Mour\u00e3o (Republicanos).<\/p>\n<p><a href=\"https:\/\/acs.org.br\/antigo\/wp-content\/uploads\/2023\/01\/revoga-tribuna.pdf\">LEIA MAIS&#8230;<\/a><\/p>\n","protected":false},"excerpt":{"rendered":"<p>Fonte: A Tribuna O presidente Luiz In\u00e1cio Lula da Silva (PT) revogou tr\u00eas decretos sobre isen\u00e7\u00f5es fiscais assinados no \u00faltimo s\u00e1bado pelo ent\u00e3o presidente em exerc\u00edcio, Hamilton Mour\u00e3o (Republicanos). LEIA MAIS&#8230;<\/p>\n","protected":false},"author":66,"featured_media":0,"comment_status":"open","ping_status":"open","sticky":false,"template":"","format":"standard","meta":{"footnotes":""},"categories":[105],"tags":[],"_links":{"self":[{"href":"https:\/\/acs.org.br\/academy\/wp-json\/wp\/v2\/posts\/113220"}],"collection":[{"href":"https:\/\/acs.org.br\/academy\/wp-json\/wp\/v2\/posts"}],"about":[{"href":"https:\/\/acs.org.br\/academy\/wp-json\/wp\/v2\/types\/post"}],"author":[{"embeddable":true,"href":"https:\/\/acs.org.br\/academy\/wp-json\/wp\/v2\/users\/66"}],"replies":[{"embeddable":true,"href":"https:\/\/acs.org.br\/academy\/wp-json\/wp\/v2\/comments?post=113220"}],"version-history":[{"count":1,"href":"https:\/\/acs.org.br\/academy\/wp-json\/wp\/v2\/posts\/113220\/revisions"}],"predecessor-version":[{"id":113222,"href":"https:\/\/acs.org.br\/academy\/wp-json\/wp\/v2\/posts\/113220\/revisions\/113222"}],"wp:attachment":[{"href":"https:\/\/acs.org.br\/academy\/wp-json\/wp\/v2\/media?parent=113220"}],"wp:term":[{"taxonomy":"category","embeddable":true,"href":"https:\/\/acs.org.br\/academy\/wp-json\/wp\/v2\/categories?post=113220"},{"taxonomy":"post_tag","embeddable":true,"href":"https:\/\/acs.org.br\/academy\/wp-json\/wp\/v2\/tags?post=113220"}],"curies":[{"name":"wp","href":"https:\/\/api.w.org\/{rel}","templated":true}]}}