{"id":113218,"date":"2023-01-03T14:28:45","date_gmt":"2023-01-03T17:28:45","guid":{"rendered":"https:\/\/acs.org.br\/antigo\/?p=113218"},"modified":"2023-01-03T14:28:45","modified_gmt":"2023-01-03T17:28:45","slug":"porto-ministro-marcio-franca-defende-gestao-tripartite-para-portos","status":"publish","type":"post","link":"https:\/\/acs.org.br\/academy\/porto-ministro-marcio-franca-defende-gestao-tripartite-para-portos\/","title":{"rendered":"PORTO: Ministro M\u00e1rcio Fran\u00e7a defende gest\u00e3o tripartite para portos"},"content":{"rendered":"<p>Fonte: BE News<\/p>\n<p>O novo ministro dos Portos e Aeroportos, M\u00e1rcio Fran\u00e7a (PSB), defendeu nesta segunda-feira, dia 2, um modelo de gest\u00e3o regionalizado para os complexos mar\u00edtimos brasileiros. Questionado logo ap\u00f3s sua cerim\u00f4nia de transmiss\u00e3o de cargo, no in\u00edcio da noite, em Bras\u00edlia, sobre mudan\u00e7as na administra\u00e7\u00e3o dos portos, ele afirmou ser \u201cdefensor de uma tese do formato tripartite\u201d, com Uni\u00e3o, Estado e munic\u00edpios locais compartilhando a dire\u00e7\u00e3o.<\/p>\n<p><a href=\"https:\/\/portalbenews.com.br\/editoria\/portos\/ministro-marcio-franca-defende-gestao-tripartite-para-portos\/\">LEIA MAIS&#8230;<\/a><\/p>\n","protected":false},"excerpt":{"rendered":"<p>Fonte: BE News O novo ministro dos Portos e Aeroportos, M\u00e1rcio Fran\u00e7a (PSB), defendeu nesta segunda-feira, dia 2, um modelo de gest\u00e3o regionalizado para os complexos mar\u00edtimos brasileiros. Questionado logo ap\u00f3s sua cerim\u00f4nia de transmiss\u00e3o de cargo, no in\u00edcio da noite, em Bras\u00edlia, sobre mudan\u00e7as na administra\u00e7\u00e3o dos portos, ele afirmou ser \u201cdefensor de uma [&hellip;]<\/p>\n","protected":false},"author":66,"featured_media":0,"comment_status":"open","ping_status":"open","sticky":false,"template":"","format":"standard","meta":{"footnotes":""},"categories":[105],"tags":[],"_links":{"self":[{"href":"https:\/\/acs.org.br\/academy\/wp-json\/wp\/v2\/posts\/113218"}],"collection":[{"href":"https:\/\/acs.org.br\/academy\/wp-json\/wp\/v2\/posts"}],"about":[{"href":"https:\/\/acs.org.br\/academy\/wp-json\/wp\/v2\/types\/post"}],"author":[{"embeddable":true,"href":"https:\/\/acs.org.br\/academy\/wp-json\/wp\/v2\/users\/66"}],"replies":[{"embeddable":true,"href":"https:\/\/acs.org.br\/academy\/wp-json\/wp\/v2\/comments?post=113218"}],"version-history":[{"count":1,"href":"https:\/\/acs.org.br\/academy\/wp-json\/wp\/v2\/posts\/113218\/revisions"}],"predecessor-version":[{"id":113219,"href":"https:\/\/acs.org.br\/academy\/wp-json\/wp\/v2\/posts\/113218\/revisions\/113219"}],"wp:attachment":[{"href":"https:\/\/acs.org.br\/academy\/wp-json\/wp\/v2\/media?parent=113218"}],"wp:term":[{"taxonomy":"category","embeddable":true,"href":"https:\/\/acs.org.br\/academy\/wp-json\/wp\/v2\/categories?post=113218"},{"taxonomy":"post_tag","embeddable":true,"href":"https:\/\/acs.org.br\/academy\/wp-json\/wp\/v2\/tags?post=113218"}],"curies":[{"name":"wp","href":"https:\/\/api.w.org\/{rel}","templated":true}]}}