{"id":113200,"date":"2023-01-02T14:13:41","date_gmt":"2023-01-02T17:13:41","guid":{"rendered":"https:\/\/acs.org.br\/antigo\/?p=113200"},"modified":"2023-01-02T14:13:41","modified_gmt":"2023-01-02T17:13:41","slug":"cafe-arabica-encerra-ano-com-mais-de-20-de-desvalorizacao-no-acumulado-e-com-comercializacao-lenta","status":"publish","type":"post","link":"https:\/\/acs.org.br\/academy\/cafe-arabica-encerra-ano-com-mais-de-20-de-desvalorizacao-no-acumulado-e-com-comercializacao-lenta\/","title":{"rendered":"CAF\u00c9: Ar\u00e1bica encerra ano com mais de 20% de desvaloriza\u00e7\u00e3o no acumulado e com comercializa\u00e7\u00e3o lenta"},"content":{"rendered":"<p>Fonte: Not\u00edcias Agr\u00edcolas\u00a0<\/p>\n<p>O mercado futuro do caf\u00e9 ar\u00e1bica encerrou o ano com desvaloriza\u00e7\u00e3o para os principais contratos na Bolsa de Nova York (ICE Future US). Em semana marcada por intensa volatilidade nos pre\u00e7os e poucos neg\u00f3cios fechados, o caf\u00e9 finalizou a sexta-feira (29) com queda de 1,62% no exterior.<\/p>\n<p><a href=\"https:\/\/www.noticiasagricolas.com.br\/noticias\/cafe\/337350-arabica-encerra-ano-com-mais-de-20-de-desvalorizacao-no-acumulado-e-com-comercializacao-lenta.html#.Y7MLnnbMLIU\">LEIA MAIS&#8230;<\/a><\/p>\n","protected":false},"excerpt":{"rendered":"<p>Fonte: Not\u00edcias Agr\u00edcolas\u00a0 O mercado futuro do caf\u00e9 ar\u00e1bica encerrou o ano com desvaloriza\u00e7\u00e3o para os principais contratos na Bolsa de Nova York (ICE Future US). Em semana marcada por intensa volatilidade nos pre\u00e7os e poucos neg\u00f3cios fechados, o caf\u00e9 finalizou a sexta-feira (29) com queda de 1,62% no exterior. LEIA MAIS&#8230;<\/p>\n","protected":false},"author":66,"featured_media":0,"comment_status":"open","ping_status":"open","sticky":false,"template":"","format":"standard","meta":{"footnotes":""},"categories":[105],"tags":[],"_links":{"self":[{"href":"https:\/\/acs.org.br\/academy\/wp-json\/wp\/v2\/posts\/113200"}],"collection":[{"href":"https:\/\/acs.org.br\/academy\/wp-json\/wp\/v2\/posts"}],"about":[{"href":"https:\/\/acs.org.br\/academy\/wp-json\/wp\/v2\/types\/post"}],"author":[{"embeddable":true,"href":"https:\/\/acs.org.br\/academy\/wp-json\/wp\/v2\/users\/66"}],"replies":[{"embeddable":true,"href":"https:\/\/acs.org.br\/academy\/wp-json\/wp\/v2\/comments?post=113200"}],"version-history":[{"count":1,"href":"https:\/\/acs.org.br\/academy\/wp-json\/wp\/v2\/posts\/113200\/revisions"}],"predecessor-version":[{"id":113209,"href":"https:\/\/acs.org.br\/academy\/wp-json\/wp\/v2\/posts\/113200\/revisions\/113209"}],"wp:attachment":[{"href":"https:\/\/acs.org.br\/academy\/wp-json\/wp\/v2\/media?parent=113200"}],"wp:term":[{"taxonomy":"category","embeddable":true,"href":"https:\/\/acs.org.br\/academy\/wp-json\/wp\/v2\/categories?post=113200"},{"taxonomy":"post_tag","embeddable":true,"href":"https:\/\/acs.org.br\/academy\/wp-json\/wp\/v2\/tags?post=113200"}],"curies":[{"name":"wp","href":"https:\/\/api.w.org\/{rel}","templated":true}]}}