{"id":113199,"date":"2023-01-02T14:13:16","date_gmt":"2023-01-02T17:13:16","guid":{"rendered":"https:\/\/acs.org.br\/antigo\/?p=113199"},"modified":"2023-01-02T14:13:16","modified_gmt":"2023-01-02T17:13:16","slug":"mundo-maduro-diz-que-venezuela-esta-pronta-para-reatar-relacoes-com-os-eua","status":"publish","type":"post","link":"https:\/\/acs.org.br\/academy\/mundo-maduro-diz-que-venezuela-esta-pronta-para-reatar-relacoes-com-os-eua\/","title":{"rendered":"MUNDO: Maduro diz que Venezuela est\u00e1 pronta para reatar rela\u00e7\u00f5es com os EUA"},"content":{"rendered":"<p>Fonte: Ag\u00eancia Brasil \u00a0\u00a0\u00a0\u00a0\u00a0\u00a0\u00a0<\/p>\n<p>O presidente da Venezuela, Nicol\u00e1s Maduro, disse hoje (2) que o pa\u00eds est\u00e1 \u201ctotalmente preparado\u201d para normalizar as rela\u00e7\u00f5es com os Estados Unidos (EUA).<\/p>\n<p><a href=\"https:\/\/agenciabrasil.ebc.com.br\/internacional\/noticia\/2023-01\/maduro-diz-que-venezuela-esta-pronta-para-reatar-relacoes-com-os-eua\">LEIA MAIS&#8230;<\/a><\/p>\n","protected":false},"excerpt":{"rendered":"<p>Fonte: Ag\u00eancia Brasil \u00a0\u00a0\u00a0\u00a0\u00a0\u00a0\u00a0 O presidente da Venezuela, Nicol\u00e1s Maduro, disse hoje (2) que o pa\u00eds est\u00e1 \u201ctotalmente preparado\u201d para normalizar as rela\u00e7\u00f5es com os Estados Unidos (EUA). LEIA MAIS&#8230;<\/p>\n","protected":false},"author":66,"featured_media":0,"comment_status":"open","ping_status":"open","sticky":false,"template":"","format":"standard","meta":{"footnotes":""},"categories":[105],"tags":[],"_links":{"self":[{"href":"https:\/\/acs.org.br\/academy\/wp-json\/wp\/v2\/posts\/113199"}],"collection":[{"href":"https:\/\/acs.org.br\/academy\/wp-json\/wp\/v2\/posts"}],"about":[{"href":"https:\/\/acs.org.br\/academy\/wp-json\/wp\/v2\/types\/post"}],"author":[{"embeddable":true,"href":"https:\/\/acs.org.br\/academy\/wp-json\/wp\/v2\/users\/66"}],"replies":[{"embeddable":true,"href":"https:\/\/acs.org.br\/academy\/wp-json\/wp\/v2\/comments?post=113199"}],"version-history":[{"count":1,"href":"https:\/\/acs.org.br\/academy\/wp-json\/wp\/v2\/posts\/113199\/revisions"}],"predecessor-version":[{"id":113208,"href":"https:\/\/acs.org.br\/academy\/wp-json\/wp\/v2\/posts\/113199\/revisions\/113208"}],"wp:attachment":[{"href":"https:\/\/acs.org.br\/academy\/wp-json\/wp\/v2\/media?parent=113199"}],"wp:term":[{"taxonomy":"category","embeddable":true,"href":"https:\/\/acs.org.br\/academy\/wp-json\/wp\/v2\/categories?post=113199"},{"taxonomy":"post_tag","embeddable":true,"href":"https:\/\/acs.org.br\/academy\/wp-json\/wp\/v2\/tags?post=113199"}],"curies":[{"name":"wp","href":"https:\/\/api.w.org\/{rel}","templated":true}]}}