{"id":113198,"date":"2023-01-02T14:12:45","date_gmt":"2023-01-02T17:12:45","guid":{"rendered":"https:\/\/acs.org.br\/antigo\/?p=113198"},"modified":"2023-01-02T14:12:45","modified_gmt":"2023-01-02T17:12:45","slug":"meio-ambiente-tarcisio-de-freitas-funde-secretaria-do-meio-ambiente-para-acelerar-obras","status":"publish","type":"post","link":"https:\/\/acs.org.br\/academy\/meio-ambiente-tarcisio-de-freitas-funde-secretaria-do-meio-ambiente-para-acelerar-obras\/","title":{"rendered":"MEIO AMBIENTE: Tarc\u00edsio de Freitas funde secretaria do Meio Ambiente para acelerar obras"},"content":{"rendered":"<p>Fonte: Santaportal<\/p>\n<p>Ao unificar as secretarias de Infraestrutura e Meio Ambiente e Log\u00edstica e Transportes, a gest\u00e3o de Tarc\u00edsio de Freitas (Republicanos) pretende acelerar o processo de licenciamento ambiental no estado de S\u00e3o Paulo para obras de infraestrutura, sobretudo de rodovias, estradas vicinais e linhas f\u00e9rreas.<\/p>\n<p><a href=\"https:\/\/santaportal.com.br\/geral\/tarcisio-de-freitas-funde-secretaria-do-meio-ambiente-para-acelerar-obras\/\">LEIA MAIS&#8230;<\/a><\/p>\n","protected":false},"excerpt":{"rendered":"<p>Fonte: Santaportal Ao unificar as secretarias de Infraestrutura e Meio Ambiente e Log\u00edstica e Transportes, a gest\u00e3o de Tarc\u00edsio de Freitas (Republicanos) pretende acelerar o processo de licenciamento ambiental no estado de S\u00e3o Paulo para obras de infraestrutura, sobretudo de rodovias, estradas vicinais e linhas f\u00e9rreas. LEIA MAIS&#8230;<\/p>\n","protected":false},"author":66,"featured_media":0,"comment_status":"open","ping_status":"open","sticky":false,"template":"","format":"standard","meta":{"footnotes":""},"categories":[105],"tags":[],"_links":{"self":[{"href":"https:\/\/acs.org.br\/academy\/wp-json\/wp\/v2\/posts\/113198"}],"collection":[{"href":"https:\/\/acs.org.br\/academy\/wp-json\/wp\/v2\/posts"}],"about":[{"href":"https:\/\/acs.org.br\/academy\/wp-json\/wp\/v2\/types\/post"}],"author":[{"embeddable":true,"href":"https:\/\/acs.org.br\/academy\/wp-json\/wp\/v2\/users\/66"}],"replies":[{"embeddable":true,"href":"https:\/\/acs.org.br\/academy\/wp-json\/wp\/v2\/comments?post=113198"}],"version-history":[{"count":1,"href":"https:\/\/acs.org.br\/academy\/wp-json\/wp\/v2\/posts\/113198\/revisions"}],"predecessor-version":[{"id":113207,"href":"https:\/\/acs.org.br\/academy\/wp-json\/wp\/v2\/posts\/113198\/revisions\/113207"}],"wp:attachment":[{"href":"https:\/\/acs.org.br\/academy\/wp-json\/wp\/v2\/media?parent=113198"}],"wp:term":[{"taxonomy":"category","embeddable":true,"href":"https:\/\/acs.org.br\/academy\/wp-json\/wp\/v2\/categories?post=113198"},{"taxonomy":"post_tag","embeddable":true,"href":"https:\/\/acs.org.br\/academy\/wp-json\/wp\/v2\/tags?post=113198"}],"curies":[{"name":"wp","href":"https:\/\/api.w.org\/{rel}","templated":true}]}}