{"id":113196,"date":"2023-01-02T14:11:21","date_gmt":"2023-01-02T17:11:21","guid":{"rendered":"https:\/\/acs.org.br\/antigo\/?p=113196"},"modified":"2023-01-02T14:19:31","modified_gmt":"2023-01-02T17:19:31","slug":"atualidades-presidente-toma-posse-fala-em-politica-industrial-de-inovacao-e-retomar-obras-inacabadas","status":"publish","type":"post","link":"https:\/\/acs.org.br\/academy\/atualidades-presidente-toma-posse-fala-em-politica-industrial-de-inovacao-e-retomar-obras-inacabadas\/","title":{"rendered":"ATUALIDADES: Presidente toma posse, fala em pol\u00edtica industrial de inova\u00e7\u00e3o e retomar obras inacabadas"},"content":{"rendered":"<p>Fonte: BE News<\/p>\n<p>Luiz In\u00e1cio Lula da Silva (PT) tomou posse ontem (1), em Bras\u00edlia (DF), como o 39\u00ba presidente da Rep\u00fablica. Em um dos discursos que marcaram o in\u00edcio de seu terceiro mandato \u00e0 frente do cargo, falou sobre colocar o Pa\u00eds na primeira linha da economia global, com uma pol\u00edtica industrial de inova\u00e7\u00e3o e a retomada de obras paradas.<\/p>\n<p><a href=\"https:\/\/acs.org.br\/antigo\/wp-content\/uploads\/2023\/01\/posse-de-lula-2.pdf\">LEIA MAIS&#8230;<\/a><\/p>\n","protected":false},"excerpt":{"rendered":"<p>Fonte: BE News Luiz In\u00e1cio Lula da Silva (PT) tomou posse ontem (1), em Bras\u00edlia (DF), como o 39\u00ba presidente da Rep\u00fablica. Em um dos discursos que marcaram o in\u00edcio de seu terceiro mandato \u00e0 frente do cargo, falou sobre colocar o Pa\u00eds na primeira linha da economia global, com uma pol\u00edtica industrial de inova\u00e7\u00e3o [&hellip;]<\/p>\n","protected":false},"author":66,"featured_media":0,"comment_status":"open","ping_status":"open","sticky":false,"template":"","format":"standard","meta":{"footnotes":""},"categories":[105],"tags":[],"_links":{"self":[{"href":"https:\/\/acs.org.br\/academy\/wp-json\/wp\/v2\/posts\/113196"}],"collection":[{"href":"https:\/\/acs.org.br\/academy\/wp-json\/wp\/v2\/posts"}],"about":[{"href":"https:\/\/acs.org.br\/academy\/wp-json\/wp\/v2\/types\/post"}],"author":[{"embeddable":true,"href":"https:\/\/acs.org.br\/academy\/wp-json\/wp\/v2\/users\/66"}],"replies":[{"embeddable":true,"href":"https:\/\/acs.org.br\/academy\/wp-json\/wp\/v2\/comments?post=113196"}],"version-history":[{"count":2,"href":"https:\/\/acs.org.br\/academy\/wp-json\/wp\/v2\/posts\/113196\/revisions"}],"predecessor-version":[{"id":113214,"href":"https:\/\/acs.org.br\/academy\/wp-json\/wp\/v2\/posts\/113196\/revisions\/113214"}],"wp:attachment":[{"href":"https:\/\/acs.org.br\/academy\/wp-json\/wp\/v2\/media?parent=113196"}],"wp:term":[{"taxonomy":"category","embeddable":true,"href":"https:\/\/acs.org.br\/academy\/wp-json\/wp\/v2\/categories?post=113196"},{"taxonomy":"post_tag","embeddable":true,"href":"https:\/\/acs.org.br\/academy\/wp-json\/wp\/v2\/tags?post=113196"}],"curies":[{"name":"wp","href":"https:\/\/api.w.org\/{rel}","templated":true}]}}