{"id":113195,"date":"2023-01-02T14:07:24","date_gmt":"2023-01-02T17:07:24","guid":{"rendered":"https:\/\/acs.org.br\/antigo\/?p=113195"},"modified":"2023-01-02T14:16:20","modified_gmt":"2023-01-02T17:16:20","slug":"economia-regiao-tera-r-86-mi-em-turismo","status":"publish","type":"post","link":"https:\/\/acs.org.br\/academy\/economia-regiao-tera-r-86-mi-em-turismo\/","title":{"rendered":"ECONOMIA: Regi\u00e3o ter\u00e1 R$ 86 mi em turismo"},"content":{"rendered":"<p>Fonte: A Tribuna\u00a0\u00a0\u00a0\u00a0\u00a0\u00a0\u00a0<\/p>\n<p>Para refor\u00e7ar a voca\u00e7\u00e3o tur\u00edstica da Baixada Santista, as nove cidades da regi\u00e3o t\u00eam R$ 86,5 milh\u00f5es destinados para o setor neste ano.<\/p>\n<p>Em Santos, por exemplo, o or\u00e7amento da Secretaria de Empreendedorismo, Economia Criativa e Turismo \u00e9 de R$ 7,096 milh\u00f5es.<\/p>\n<p><a href=\"https:\/\/acs.org.br\/antigo\/wp-content\/uploads\/2023\/01\/turismo-86-1.pdf\">LEIA MAIS&#8230;<\/a><\/p>\n","protected":false},"excerpt":{"rendered":"<p>Fonte: A Tribuna\u00a0\u00a0\u00a0\u00a0\u00a0\u00a0\u00a0 Para refor\u00e7ar a voca\u00e7\u00e3o tur\u00edstica da Baixada Santista, as nove cidades da regi\u00e3o t\u00eam R$ 86,5 milh\u00f5es destinados para o setor neste ano. Em Santos, por exemplo, o or\u00e7amento da Secretaria de Empreendedorismo, Economia Criativa e Turismo \u00e9 de R$ 7,096 milh\u00f5es. LEIA MAIS&#8230;<\/p>\n","protected":false},"author":66,"featured_media":0,"comment_status":"open","ping_status":"open","sticky":false,"template":"","format":"standard","meta":{"footnotes":""},"categories":[105],"tags":[],"_links":{"self":[{"href":"https:\/\/acs.org.br\/academy\/wp-json\/wp\/v2\/posts\/113195"}],"collection":[{"href":"https:\/\/acs.org.br\/academy\/wp-json\/wp\/v2\/posts"}],"about":[{"href":"https:\/\/acs.org.br\/academy\/wp-json\/wp\/v2\/types\/post"}],"author":[{"embeddable":true,"href":"https:\/\/acs.org.br\/academy\/wp-json\/wp\/v2\/users\/66"}],"replies":[{"embeddable":true,"href":"https:\/\/acs.org.br\/academy\/wp-json\/wp\/v2\/comments?post=113195"}],"version-history":[{"count":2,"href":"https:\/\/acs.org.br\/academy\/wp-json\/wp\/v2\/posts\/113195\/revisions"}],"predecessor-version":[{"id":113211,"href":"https:\/\/acs.org.br\/academy\/wp-json\/wp\/v2\/posts\/113195\/revisions\/113211"}],"wp:attachment":[{"href":"https:\/\/acs.org.br\/academy\/wp-json\/wp\/v2\/media?parent=113195"}],"wp:term":[{"taxonomy":"category","embeddable":true,"href":"https:\/\/acs.org.br\/academy\/wp-json\/wp\/v2\/categories?post=113195"},{"taxonomy":"post_tag","embeddable":true,"href":"https:\/\/acs.org.br\/academy\/wp-json\/wp\/v2\/tags?post=113195"}],"curies":[{"name":"wp","href":"https:\/\/api.w.org\/{rel}","templated":true}]}}