{"id":113194,"date":"2023-01-02T14:01:18","date_gmt":"2023-01-02T17:01:18","guid":{"rendered":"https:\/\/acs.org.br\/antigo\/?p=113194"},"modified":"2023-01-02T14:01:18","modified_gmt":"2023-01-02T17:01:18","slug":"porto-governo-lula-dara-o-nome-de-pele-ao-porto-de-santos-o-maior-da-america-latina","status":"publish","type":"post","link":"https:\/\/acs.org.br\/academy\/porto-governo-lula-dara-o-nome-de-pele-ao-porto-de-santos-o-maior-da-america-latina\/","title":{"rendered":"PORTO: Governo Lula dar\u00e1 o nome de Pel\u00e9 ao Porto de Santos, o maior da Am\u00e9rica Latina"},"content":{"rendered":"<p>Fonte: Ag\u00eancia Porto<\/p>\n<p>O Porto de Santos passar\u00e1 a se chamar Porto de Santos Pel\u00e9. A homenagem por parte do maior complexo portu\u00e1rio da Am\u00e9rica Latina ao Rei do Futebol foi confirmada ao g1 Santos e Regi\u00e3o.<\/p>\n<p>De acordo com interlocutores do ex-prefeito de Santos e deputado federal eleito Paulo Alexandre Barbosa (PSDB-SP), o pedido foi feito pessoalmente pelo novo parlamentar para o vice-presidente eleito Geraldo Alckmin (SP), e para o futuro ministro de Portos e Aeroportos, M\u00e1rcio Fran\u00e7a, que acataram imediatamente a decis\u00e3o e far\u00e3o o an\u00fancio na primeira semana de janeiro.<\/p>\n<p><a href=\"https:\/\/agenciaporto.com\/noticias\/governo-lula-dara-o-nome-de-pele-ao-porto-de-santos-o-maior-da-america-latina\">LEIA MAIS&#8230;<\/a><\/p>\n","protected":false},"excerpt":{"rendered":"<p>Fonte: Ag\u00eancia Porto O Porto de Santos passar\u00e1 a se chamar Porto de Santos Pel\u00e9. A homenagem por parte do maior complexo portu\u00e1rio da Am\u00e9rica Latina ao Rei do Futebol foi confirmada ao g1 Santos e Regi\u00e3o. De acordo com interlocutores do ex-prefeito de Santos e deputado federal eleito Paulo Alexandre Barbosa (PSDB-SP), o pedido [&hellip;]<\/p>\n","protected":false},"author":66,"featured_media":0,"comment_status":"open","ping_status":"open","sticky":false,"template":"","format":"standard","meta":{"footnotes":""},"categories":[105],"tags":[],"_links":{"self":[{"href":"https:\/\/acs.org.br\/academy\/wp-json\/wp\/v2\/posts\/113194"}],"collection":[{"href":"https:\/\/acs.org.br\/academy\/wp-json\/wp\/v2\/posts"}],"about":[{"href":"https:\/\/acs.org.br\/academy\/wp-json\/wp\/v2\/types\/post"}],"author":[{"embeddable":true,"href":"https:\/\/acs.org.br\/academy\/wp-json\/wp\/v2\/users\/66"}],"replies":[{"embeddable":true,"href":"https:\/\/acs.org.br\/academy\/wp-json\/wp\/v2\/comments?post=113194"}],"version-history":[{"count":1,"href":"https:\/\/acs.org.br\/academy\/wp-json\/wp\/v2\/posts\/113194\/revisions"}],"predecessor-version":[{"id":113201,"href":"https:\/\/acs.org.br\/academy\/wp-json\/wp\/v2\/posts\/113194\/revisions\/113201"}],"wp:attachment":[{"href":"https:\/\/acs.org.br\/academy\/wp-json\/wp\/v2\/media?parent=113194"}],"wp:term":[{"taxonomy":"category","embeddable":true,"href":"https:\/\/acs.org.br\/academy\/wp-json\/wp\/v2\/categories?post=113194"},{"taxonomy":"post_tag","embeddable":true,"href":"https:\/\/acs.org.br\/academy\/wp-json\/wp\/v2\/tags?post=113194"}],"curies":[{"name":"wp","href":"https:\/\/api.w.org\/{rel}","templated":true}]}}