{"id":113186,"date":"2022-12-30T10:32:29","date_gmt":"2022-12-30T13:32:29","guid":{"rendered":"https:\/\/acs.org.br\/antigo\/?p=113186"},"modified":"2022-12-30T10:32:29","modified_gmt":"2022-12-30T13:32:29","slug":"cafe-cooxupe-maior-desafio-de-22-foi-a-permanencia-dos-problemas-na-logistica-para-atender-forte-demanda-internacional","status":"publish","type":"post","link":"https:\/\/acs.org.br\/academy\/cafe-cooxupe-maior-desafio-de-22-foi-a-permanencia-dos-problemas-na-logistica-para-atender-forte-demanda-internacional\/","title":{"rendered":"CAF\u00c9: Cooxup\u00e9: Maior desafio de 22 foi a perman\u00eancia dos problemas na log\u00edstica para atender forte demanda internacional"},"content":{"rendered":"<p>Fonte: Not\u00edcias Agr\u00edcolas\u00a0<\/p>\n<p>Apesar dos volumes positivos das exporta\u00e7\u00f5es de caf\u00e9 do Brasil at\u00e9 o m\u00eas de novembro, o ano de 2022 ainda foi marcado por muitos desafios log\u00edsticos para o pa\u00eds que \u00e9 o maior produtor e exportador de caf\u00e9 do mundo.<\/p>\n<p><a href=\"https:\/\/www.noticiasagricolas.com.br\/noticias\/cafe\/337237-cooxupe-maior-desafio-de-22-foi-a-permanencia-dos-problemas-na-logistica-para-atender-forte-demanda-internacional.html#.Y67b-HbMLIU\">LEIA MAIS&#8230;<\/a><\/p>\n","protected":false},"excerpt":{"rendered":"<p>Fonte: Not\u00edcias Agr\u00edcolas\u00a0 Apesar dos volumes positivos das exporta\u00e7\u00f5es de caf\u00e9 do Brasil at\u00e9 o m\u00eas de novembro, o ano de 2022 ainda foi marcado por muitos desafios log\u00edsticos para o pa\u00eds que \u00e9 o maior produtor e exportador de caf\u00e9 do mundo. LEIA MAIS&#8230;<\/p>\n","protected":false},"author":66,"featured_media":0,"comment_status":"open","ping_status":"open","sticky":false,"template":"","format":"standard","meta":{"footnotes":""},"categories":[105],"tags":[],"_links":{"self":[{"href":"https:\/\/acs.org.br\/academy\/wp-json\/wp\/v2\/posts\/113186"}],"collection":[{"href":"https:\/\/acs.org.br\/academy\/wp-json\/wp\/v2\/posts"}],"about":[{"href":"https:\/\/acs.org.br\/academy\/wp-json\/wp\/v2\/types\/post"}],"author":[{"embeddable":true,"href":"https:\/\/acs.org.br\/academy\/wp-json\/wp\/v2\/users\/66"}],"replies":[{"embeddable":true,"href":"https:\/\/acs.org.br\/academy\/wp-json\/wp\/v2\/comments?post=113186"}],"version-history":[{"count":1,"href":"https:\/\/acs.org.br\/academy\/wp-json\/wp\/v2\/posts\/113186\/revisions"}],"predecessor-version":[{"id":113187,"href":"https:\/\/acs.org.br\/academy\/wp-json\/wp\/v2\/posts\/113186\/revisions\/113187"}],"wp:attachment":[{"href":"https:\/\/acs.org.br\/academy\/wp-json\/wp\/v2\/media?parent=113186"}],"wp:term":[{"taxonomy":"category","embeddable":true,"href":"https:\/\/acs.org.br\/academy\/wp-json\/wp\/v2\/categories?post=113186"},{"taxonomy":"post_tag","embeddable":true,"href":"https:\/\/acs.org.br\/academy\/wp-json\/wp\/v2\/tags?post=113186"}],"curies":[{"name":"wp","href":"https:\/\/api.w.org\/{rel}","templated":true}]}}