{"id":113184,"date":"2022-12-30T10:31:50","date_gmt":"2022-12-30T13:31:50","guid":{"rendered":"https:\/\/acs.org.br\/antigo\/?p=113184"},"modified":"2022-12-30T10:31:50","modified_gmt":"2022-12-30T13:31:50","slug":"atualidades-lista-de-ministros-de-lula-presidente-eleito-anuncia-como-fica-a-esplanada-em-2023","status":"publish","type":"post","link":"https:\/\/acs.org.br\/academy\/atualidades-lista-de-ministros-de-lula-presidente-eleito-anuncia-como-fica-a-esplanada-em-2023\/","title":{"rendered":"ATUALIDADES: Lista de ministros de Lula: presidente eleito anuncia como fica a Esplanada em 2023"},"content":{"rendered":"<p>Fonte: Exame<\/p>\n<p>Depois de mais uma semana de negocia\u00e7\u00f5es para conseguir acomodar os aliados na Esplanada dos Minist\u00e9rios, o presidente eleito Luiz In\u00e1cio Lula da Silva (PT) anunciou nesta quinta-feira, 29, 16 nomes que faltavam para fechar a composi\u00e7\u00e3o ministerial do pr\u00f3ximo governo.<\/p>\n<p><a href=\"https:\/\/exame.com\/brasil\/lista-de-ministros-de-lula-presidente-eleito-deve-anunciar-como-fica-a-esplanada-em-2023\/\">LEIA MAIS&#8230;<\/a><\/p>\n","protected":false},"excerpt":{"rendered":"<p>Fonte: Exame Depois de mais uma semana de negocia\u00e7\u00f5es para conseguir acomodar os aliados na Esplanada dos Minist\u00e9rios, o presidente eleito Luiz In\u00e1cio Lula da Silva (PT) anunciou nesta quinta-feira, 29, 16 nomes que faltavam para fechar a composi\u00e7\u00e3o ministerial do pr\u00f3ximo governo. LEIA MAIS&#8230;<\/p>\n","protected":false},"author":66,"featured_media":0,"comment_status":"open","ping_status":"open","sticky":false,"template":"","format":"standard","meta":{"footnotes":""},"categories":[105],"tags":[],"_links":{"self":[{"href":"https:\/\/acs.org.br\/academy\/wp-json\/wp\/v2\/posts\/113184"}],"collection":[{"href":"https:\/\/acs.org.br\/academy\/wp-json\/wp\/v2\/posts"}],"about":[{"href":"https:\/\/acs.org.br\/academy\/wp-json\/wp\/v2\/types\/post"}],"author":[{"embeddable":true,"href":"https:\/\/acs.org.br\/academy\/wp-json\/wp\/v2\/users\/66"}],"replies":[{"embeddable":true,"href":"https:\/\/acs.org.br\/academy\/wp-json\/wp\/v2\/comments?post=113184"}],"version-history":[{"count":1,"href":"https:\/\/acs.org.br\/academy\/wp-json\/wp\/v2\/posts\/113184\/revisions"}],"predecessor-version":[{"id":113185,"href":"https:\/\/acs.org.br\/academy\/wp-json\/wp\/v2\/posts\/113184\/revisions\/113185"}],"wp:attachment":[{"href":"https:\/\/acs.org.br\/academy\/wp-json\/wp\/v2\/media?parent=113184"}],"wp:term":[{"taxonomy":"category","embeddable":true,"href":"https:\/\/acs.org.br\/academy\/wp-json\/wp\/v2\/categories?post=113184"},{"taxonomy":"post_tag","embeddable":true,"href":"https:\/\/acs.org.br\/academy\/wp-json\/wp\/v2\/tags?post=113184"}],"curies":[{"name":"wp","href":"https:\/\/api.w.org\/{rel}","templated":true}]}}