{"id":113175,"date":"2022-12-30T10:24:17","date_gmt":"2022-12-30T13:24:17","guid":{"rendered":"https:\/\/acs.org.br\/antigo\/?p=113175"},"modified":"2022-12-30T10:24:17","modified_gmt":"2022-12-30T13:24:17","slug":"economia-governo-muda-norma-para-cobrar-tributos-sobre-precos-de-transferencia","status":"publish","type":"post","link":"https:\/\/acs.org.br\/academy\/economia-governo-muda-norma-para-cobrar-tributos-sobre-precos-de-transferencia\/","title":{"rendered":"ECONOMIA: Governo muda norma para cobrar tributos sobre pre\u00e7os de transfer\u00eancia"},"content":{"rendered":"<p>Fonte: Ag\u00eancia Brasil<\/p>\n<p>O governo federal publicou hoje (29), no Di\u00e1rio Oficial da Uni\u00e3o, uma medida provis\u00f3ria que modifica as normas para cobran\u00e7a do Imposto sobre a Renda das Pessoas Jur\u00eddicas (IRPJ) e da Contribui\u00e7\u00e3o Social sobre o Lucro L\u00edquido (CSLL) sobre os chamados Pre\u00e7os de Transfer\u00eancia.<\/p>\n<p><a href=\"https:\/\/agenciabrasil.ebc.com.br\/economia\/noticia\/2022-12\/governo-muda-norma-para-cobrar-tributos-sobre-precos-de-transferencia\">LEIA MAIS&#8230;<\/a><\/p>\n","protected":false},"excerpt":{"rendered":"<p>Fonte: Ag\u00eancia Brasil O governo federal publicou hoje (29), no Di\u00e1rio Oficial da Uni\u00e3o, uma medida provis\u00f3ria que modifica as normas para cobran\u00e7a do Imposto sobre a Renda das Pessoas Jur\u00eddicas (IRPJ) e da Contribui\u00e7\u00e3o Social sobre o Lucro L\u00edquido (CSLL) sobre os chamados Pre\u00e7os de Transfer\u00eancia. LEIA MAIS&#8230;<\/p>\n","protected":false},"author":66,"featured_media":0,"comment_status":"open","ping_status":"open","sticky":false,"template":"","format":"standard","meta":{"footnotes":""},"categories":[105],"tags":[],"_links":{"self":[{"href":"https:\/\/acs.org.br\/academy\/wp-json\/wp\/v2\/posts\/113175"}],"collection":[{"href":"https:\/\/acs.org.br\/academy\/wp-json\/wp\/v2\/posts"}],"about":[{"href":"https:\/\/acs.org.br\/academy\/wp-json\/wp\/v2\/types\/post"}],"author":[{"embeddable":true,"href":"https:\/\/acs.org.br\/academy\/wp-json\/wp\/v2\/users\/66"}],"replies":[{"embeddable":true,"href":"https:\/\/acs.org.br\/academy\/wp-json\/wp\/v2\/comments?post=113175"}],"version-history":[{"count":1,"href":"https:\/\/acs.org.br\/academy\/wp-json\/wp\/v2\/posts\/113175\/revisions"}],"predecessor-version":[{"id":113176,"href":"https:\/\/acs.org.br\/academy\/wp-json\/wp\/v2\/posts\/113175\/revisions\/113176"}],"wp:attachment":[{"href":"https:\/\/acs.org.br\/academy\/wp-json\/wp\/v2\/media?parent=113175"}],"wp:term":[{"taxonomy":"category","embeddable":true,"href":"https:\/\/acs.org.br\/academy\/wp-json\/wp\/v2\/categories?post=113175"},{"taxonomy":"post_tag","embeddable":true,"href":"https:\/\/acs.org.br\/academy\/wp-json\/wp\/v2\/tags?post=113175"}],"curies":[{"name":"wp","href":"https:\/\/api.w.org\/{rel}","templated":true}]}}