{"id":113147,"date":"2022-12-29T12:33:40","date_gmt":"2022-12-29T15:33:40","guid":{"rendered":"https:\/\/acs.org.br\/antigo\/?p=113147"},"modified":"2022-12-29T12:33:40","modified_gmt":"2022-12-29T15:33:40","slug":"economia-baixada-santista-fecha-novembro-com-2-107-novas-contratacoes","status":"publish","type":"post","link":"https:\/\/acs.org.br\/academy\/economia-baixada-santista-fecha-novembro-com-2-107-novas-contratacoes\/","title":{"rendered":"ECONOMIA: Baixada Santista fecha novembro com 2.107 novas contrata\u00e7\u00f5es"},"content":{"rendered":"<p>Fonte: Santaportal \u00a0<\/p>\n<p>A Baixada Santista fechou novembro com 2.107 novas contrata\u00e7\u00f5es com carteira assinada, um crescimento de 226,9% na compara\u00e7\u00e3o com outubro, quando terminou o m\u00eas com 617 admiss\u00f5es. Os dados foram divulgados pelo Cadastro Geral de Empregados e Desempregados (Caged), nesta quarta-feira (28).<\/p>\n<p><a href=\"https:\/\/santaportal.com.br\/baixada\/baixada-santista-contratacoes-novembro-2022\/\">LEIA MAIS&#8230;<\/a><\/p>\n","protected":false},"excerpt":{"rendered":"<p>Fonte: Santaportal \u00a0 A Baixada Santista fechou novembro com 2.107 novas contrata\u00e7\u00f5es com carteira assinada, um crescimento de 226,9% na compara\u00e7\u00e3o com outubro, quando terminou o m\u00eas com 617 admiss\u00f5es. Os dados foram divulgados pelo Cadastro Geral de Empregados e Desempregados (Caged), nesta quarta-feira (28). LEIA MAIS&#8230;<\/p>\n","protected":false},"author":66,"featured_media":0,"comment_status":"open","ping_status":"open","sticky":false,"template":"","format":"standard","meta":{"footnotes":""},"categories":[105],"tags":[],"_links":{"self":[{"href":"https:\/\/acs.org.br\/academy\/wp-json\/wp\/v2\/posts\/113147"}],"collection":[{"href":"https:\/\/acs.org.br\/academy\/wp-json\/wp\/v2\/posts"}],"about":[{"href":"https:\/\/acs.org.br\/academy\/wp-json\/wp\/v2\/types\/post"}],"author":[{"embeddable":true,"href":"https:\/\/acs.org.br\/academy\/wp-json\/wp\/v2\/users\/66"}],"replies":[{"embeddable":true,"href":"https:\/\/acs.org.br\/academy\/wp-json\/wp\/v2\/comments?post=113147"}],"version-history":[{"count":1,"href":"https:\/\/acs.org.br\/academy\/wp-json\/wp\/v2\/posts\/113147\/revisions"}],"predecessor-version":[{"id":113154,"href":"https:\/\/acs.org.br\/academy\/wp-json\/wp\/v2\/posts\/113147\/revisions\/113154"}],"wp:attachment":[{"href":"https:\/\/acs.org.br\/academy\/wp-json\/wp\/v2\/media?parent=113147"}],"wp:term":[{"taxonomy":"category","embeddable":true,"href":"https:\/\/acs.org.br\/academy\/wp-json\/wp\/v2\/categories?post=113147"},{"taxonomy":"post_tag","embeddable":true,"href":"https:\/\/acs.org.br\/academy\/wp-json\/wp\/v2\/tags?post=113147"}],"curies":[{"name":"wp","href":"https:\/\/api.w.org\/{rel}","templated":true}]}}