{"id":113120,"date":"2022-12-28T13:20:10","date_gmt":"2022-12-28T16:20:10","guid":{"rendered":"https:\/\/acs.org.br\/antigo\/?p=113120"},"modified":"2022-12-28T13:20:10","modified_gmt":"2022-12-28T16:20:10","slug":"cafe-conselho-aprova-realocacao-de-r-932-milhoes-do-funcafe","status":"publish","type":"post","link":"https:\/\/acs.org.br\/academy\/cafe-conselho-aprova-realocacao-de-r-932-milhoes-do-funcafe\/","title":{"rendered":"CAF\u00c9: Conselho aprova realoca\u00e7\u00e3o de R$ 93,2 milh\u00f5es do Funcaf\u00e9"},"content":{"rendered":"<p>Fonte: Not\u00edcias Agr\u00edcolas\u00a0<\/p>\n<p>O Conselho Deliberativo da Pol\u00edtica do Caf\u00e9 (CDPC) aprovou a realoca\u00e7\u00e3o de recursos do Fundo de Defesa da Economia Cafeeira (Funcaf\u00e9) de R$ 93,2 milh\u00f5es devolvidos pelos agentes financeiros e que n\u00e3o foram aplicados. A reuni\u00e3o entre os representantes do conselho ocorreu no \u00faltimo dia 21 de dezembro (quarta-feira).<\/p>\n<p><a href=\"https:\/\/www.noticiasagricolas.com.br\/noticias\/cafe\/337111-conselho-aprova-realocacao-de-r-93-2-milhoes-do-funcafe.html#.Y6xkQnbMLIU\">LEIA MAIS&#8230;<\/a><\/p>\n","protected":false},"excerpt":{"rendered":"<p>Fonte: Not\u00edcias Agr\u00edcolas\u00a0 O Conselho Deliberativo da Pol\u00edtica do Caf\u00e9 (CDPC) aprovou a realoca\u00e7\u00e3o de recursos do Fundo de Defesa da Economia Cafeeira (Funcaf\u00e9) de R$ 93,2 milh\u00f5es devolvidos pelos agentes financeiros e que n\u00e3o foram aplicados. A reuni\u00e3o entre os representantes do conselho ocorreu no \u00faltimo dia 21 de dezembro (quarta-feira). LEIA MAIS&#8230;<\/p>\n","protected":false},"author":66,"featured_media":0,"comment_status":"open","ping_status":"open","sticky":false,"template":"","format":"standard","meta":{"footnotes":""},"categories":[105],"tags":[],"_links":{"self":[{"href":"https:\/\/acs.org.br\/academy\/wp-json\/wp\/v2\/posts\/113120"}],"collection":[{"href":"https:\/\/acs.org.br\/academy\/wp-json\/wp\/v2\/posts"}],"about":[{"href":"https:\/\/acs.org.br\/academy\/wp-json\/wp\/v2\/types\/post"}],"author":[{"embeddable":true,"href":"https:\/\/acs.org.br\/academy\/wp-json\/wp\/v2\/users\/66"}],"replies":[{"embeddable":true,"href":"https:\/\/acs.org.br\/academy\/wp-json\/wp\/v2\/comments?post=113120"}],"version-history":[{"count":1,"href":"https:\/\/acs.org.br\/academy\/wp-json\/wp\/v2\/posts\/113120\/revisions"}],"predecessor-version":[{"id":113124,"href":"https:\/\/acs.org.br\/academy\/wp-json\/wp\/v2\/posts\/113120\/revisions\/113124"}],"wp:attachment":[{"href":"https:\/\/acs.org.br\/academy\/wp-json\/wp\/v2\/media?parent=113120"}],"wp:term":[{"taxonomy":"category","embeddable":true,"href":"https:\/\/acs.org.br\/academy\/wp-json\/wp\/v2\/categories?post=113120"},{"taxonomy":"post_tag","embeddable":true,"href":"https:\/\/acs.org.br\/academy\/wp-json\/wp\/v2\/tags?post=113120"}],"curies":[{"name":"wp","href":"https:\/\/api.w.org\/{rel}","templated":true}]}}