{"id":113118,"date":"2022-12-28T13:19:19","date_gmt":"2022-12-28T16:19:19","guid":{"rendered":"https:\/\/acs.org.br\/antigo\/?p=113118"},"modified":"2022-12-28T13:19:19","modified_gmt":"2022-12-28T16:19:19","slug":"transporte-nova-gestao-quer-parcerias-para-ferrovias","status":"publish","type":"post","link":"https:\/\/acs.org.br\/academy\/transporte-nova-gestao-quer-parcerias-para-ferrovias\/","title":{"rendered":"TRANSPORTE: Nova gest\u00e3o quer parcerias para ferrovias"},"content":{"rendered":"<p>Fonte: A Tribuna \u00a0\u00a0\u00a0\u00a0\u00a0<\/p>\n<p>Considerado um pilar da log\u00edstica portu\u00e1ria nacional na busca por novos recordes de movimenta\u00e7\u00e3o de cargas, o setor ferrovi\u00e1rio deve ter aten\u00e7\u00e3o total do novo governo de Luiz In\u00e1cio Lula da Silva (PT). O objetivo \u00e9 tentar emplacar Parcerias P\u00fablico \u2013 Privadas (PPPs) nas ferrovias, com a expectativa de haver mais dinheiro p\u00fablico na \u00e1rea.<\/p>\n<p><a href=\"https:\/\/acs.org.br\/antigo\/wp-content\/uploads\/2022\/12\/transporte-tribuna.pdf\">LEIA MAIS&#8230;<\/a><\/p>\n","protected":false},"excerpt":{"rendered":"<p>Fonte: A Tribuna \u00a0\u00a0\u00a0\u00a0\u00a0 Considerado um pilar da log\u00edstica portu\u00e1ria nacional na busca por novos recordes de movimenta\u00e7\u00e3o de cargas, o setor ferrovi\u00e1rio deve ter aten\u00e7\u00e3o total do novo governo de Luiz In\u00e1cio Lula da Silva (PT). O objetivo \u00e9 tentar emplacar Parcerias P\u00fablico \u2013 Privadas (PPPs) nas ferrovias, com a expectativa de haver mais [&hellip;]<\/p>\n","protected":false},"author":66,"featured_media":0,"comment_status":"open","ping_status":"open","sticky":false,"template":"","format":"standard","meta":{"footnotes":""},"categories":[105],"tags":[],"_links":{"self":[{"href":"https:\/\/acs.org.br\/academy\/wp-json\/wp\/v2\/posts\/113118"}],"collection":[{"href":"https:\/\/acs.org.br\/academy\/wp-json\/wp\/v2\/posts"}],"about":[{"href":"https:\/\/acs.org.br\/academy\/wp-json\/wp\/v2\/types\/post"}],"author":[{"embeddable":true,"href":"https:\/\/acs.org.br\/academy\/wp-json\/wp\/v2\/users\/66"}],"replies":[{"embeddable":true,"href":"https:\/\/acs.org.br\/academy\/wp-json\/wp\/v2\/comments?post=113118"}],"version-history":[{"count":1,"href":"https:\/\/acs.org.br\/academy\/wp-json\/wp\/v2\/posts\/113118\/revisions"}],"predecessor-version":[{"id":113122,"href":"https:\/\/acs.org.br\/academy\/wp-json\/wp\/v2\/posts\/113118\/revisions\/113122"}],"wp:attachment":[{"href":"https:\/\/acs.org.br\/academy\/wp-json\/wp\/v2\/media?parent=113118"}],"wp:term":[{"taxonomy":"category","embeddable":true,"href":"https:\/\/acs.org.br\/academy\/wp-json\/wp\/v2\/categories?post=113118"},{"taxonomy":"post_tag","embeddable":true,"href":"https:\/\/acs.org.br\/academy\/wp-json\/wp\/v2\/tags?post=113118"}],"curies":[{"name":"wp","href":"https:\/\/api.w.org\/{rel}","templated":true}]}}