{"id":113110,"date":"2022-12-28T13:17:39","date_gmt":"2022-12-28T16:17:39","guid":{"rendered":"https:\/\/acs.org.br\/antigo\/?p=113110"},"modified":"2022-12-28T13:17:39","modified_gmt":"2022-12-28T16:17:39","slug":"porto-norma-de-agendamento-de-caminhoes-no-porto-de-santos-muda-de-fase-em-1o-de-janeiro","status":"publish","type":"post","link":"https:\/\/acs.org.br\/academy\/porto-norma-de-agendamento-de-caminhoes-no-porto-de-santos-muda-de-fase-em-1o-de-janeiro\/","title":{"rendered":"PORTO: Norma de agendamento de caminh\u00f5es no Porto de Santos muda de fase em 1\u00ba de janeiro"},"content":{"rendered":"<p>Fonte: Santaportal<\/p>\n<p>Conforme anunciado em setembro pela Santos Port Authority (SPA), o per\u00edodo de chegada de caminh\u00f5es destinadas ao Porto de Santos transportando cont\u00eaineres e carga solta ser\u00e1 reduzido a partir de 1\u00ba de janeiro de 2023.<\/p>\n<p><a href=\"https:\/\/santaportal.com.br\/porto-e-negocios\/norma-de-agendamento-de-caminhoes-no-porto-de-santos-muda-de-fase-em-1o-de-janeiro\/\">LEIA MAIS&#8230;<\/a><\/p>\n","protected":false},"excerpt":{"rendered":"<p>Fonte: Santaportal Conforme anunciado em setembro pela Santos Port Authority (SPA), o per\u00edodo de chegada de caminh\u00f5es destinadas ao Porto de Santos transportando cont\u00eaineres e carga solta ser\u00e1 reduzido a partir de 1\u00ba de janeiro de 2023. LEIA MAIS&#8230;<\/p>\n","protected":false},"author":66,"featured_media":0,"comment_status":"open","ping_status":"open","sticky":false,"template":"","format":"standard","meta":{"footnotes":""},"categories":[105],"tags":[],"_links":{"self":[{"href":"https:\/\/acs.org.br\/academy\/wp-json\/wp\/v2\/posts\/113110"}],"collection":[{"href":"https:\/\/acs.org.br\/academy\/wp-json\/wp\/v2\/posts"}],"about":[{"href":"https:\/\/acs.org.br\/academy\/wp-json\/wp\/v2\/types\/post"}],"author":[{"embeddable":true,"href":"https:\/\/acs.org.br\/academy\/wp-json\/wp\/v2\/users\/66"}],"replies":[{"embeddable":true,"href":"https:\/\/acs.org.br\/academy\/wp-json\/wp\/v2\/comments?post=113110"}],"version-history":[{"count":1,"href":"https:\/\/acs.org.br\/academy\/wp-json\/wp\/v2\/posts\/113110\/revisions"}],"predecessor-version":[{"id":113115,"href":"https:\/\/acs.org.br\/academy\/wp-json\/wp\/v2\/posts\/113110\/revisions\/113115"}],"wp:attachment":[{"href":"https:\/\/acs.org.br\/academy\/wp-json\/wp\/v2\/media?parent=113110"}],"wp:term":[{"taxonomy":"category","embeddable":true,"href":"https:\/\/acs.org.br\/academy\/wp-json\/wp\/v2\/categories?post=113110"},{"taxonomy":"post_tag","embeddable":true,"href":"https:\/\/acs.org.br\/academy\/wp-json\/wp\/v2\/tags?post=113110"}],"curies":[{"name":"wp","href":"https:\/\/api.w.org\/{rel}","templated":true}]}}